{"id":111270,"date":"2026-01-22T22:59:10","date_gmt":"2026-01-22T22:59:10","guid":{"rendered":"https:\/\/www.europesays.com\/lv\/111270\/"},"modified":"2026-01-22T22:59:10","modified_gmt":"2026-01-22T22:59:10","slug":"birkentals-klust-par-sesto-latvijas-biatlonistu-kurs-sasniedzis-pk-posma-desmitnieku-ziemas-sports-sportacentrs-com","status":"publish","type":"post","link":"https:\/\/www.europesays.com\/lv\/111270\/","title":{"rendered":"Birkent\u0101ls k\u013c\u016bst par sesto Latvijas biatlonistu, kur\u0161 sasniedzis PK posma desmitnieku \u2013 Ziemas sports \u2013 Sportacentrs.com"},"content":{"rendered":"<p>Ilm\u0101ram Bricim p\u0113c diskvalifik\u0101cijas atgrie\u017eoties Latvijas biatlona izlases treneru \u0161t\u0101b\u0101, \u0161oreiz PK posmu nol\u0113ma izlaist sl\u0113pes ar treneri nesadal\u012bju\u0161ais Andrejs Rastorgujevs. Al\u016bksnietim pirms olimpiskaj\u0101m sp\u0113l\u0113m iepl\u0101nots individu\u0101ls treni\u0146darbs. T\u0101d\u0113\u013c pie sava tre\u0161\u0101 individu\u0101l\u0101 starta tika Edgars Mise, kur\u0161 decembr\u012b bija iek\u013cauts Latvijas biatlona feder\u0101cijas izplat\u012btaj\u0101 olimpiskaj\u0101 kvartet\u0101, bet \u0161oned\u0113\u013c Latvijas Olimpisk\u0101s komitejas sarakstos ceturtais v\u012bru biatlonists nebija apstiprin\u0101ts. T\u0101d\u0113\u013c past\u0101v iesp\u0113jam\u012bba, ka tie\u0161i \u0161ajos ma\u010dos c\u012b\u0146\u0101 pret Aleksandru Patrijuku tom\u0113r iz\u0161\u0137\u012br\u0101s Latvijas biatlona izlases p\u0113d\u0113j\u0101 olimpie\u0161a liktenis.<\/p>\n<p>Akur\u0101ta \u0161au\u0161ana sa\u012bsin\u0101taj\u0101 klasik\u0101 ir \u012bpa\u0161i svar\u012bga, jo katra k\u013c\u016bda maks\u0101 45 sekundes pie dal\u012bbnieka kop\u0113j\u0101 rezult\u0101ta. Ar sept\u012bto numuru start\u0113ju\u0161ais Ren\u0101rs Birkent\u0101ls pie\u013c\u0101va pa k\u013c\u016bdai gan pirmaj\u0101, gan otraj\u0101 ugunsl\u012bnij\u0101. Sacens\u012bbu otraj\u0101 pus\u0113 Talsu biatlonistam jau padev\u0101s sekm\u012bgas \u0161\u0101vienu s\u0113rijas, t\u0101 ar\u012b paliekot ar kopum\u0101 pusotras min\u016btes soda laiku. Birkent\u0101ls fini\u0161\u0101 par sekundi bija priek\u0161\u0101 pasaules kausa kopv\u0113rt\u0113juma l\u012bderim Tommazo D\u017eakomelam, izc\u012bnot savas karjeras rekordu &#8211; dev\u012bto vietu. T\u0101d\u0113j\u0101di talsenieks atk\u0101rtoja Rastorgujeva sezonas lab\u0101ko sniegumu &#8211; dev\u012bto vietu Ostersundas klasik\u0101.<\/p>\n<p>Birkent\u0101ls ar \u0161o rezult\u0101tu k\u013cuvis par sesto Latvijas biatlona p\u0101rst\u0101vi, kur\u0161 izc\u012bn\u012bjis vietu pasaules kausa posma lab\u0101ko desmitniek\u0101. 1999. gad\u0101 O\u013cegs Ma\u013cuhins k\u0101pa uz goda pjedest\u0101la augst\u0101k\u0101 pak\u0101piena Valkartj\u0113 sprint\u0101. Vair\u0101kas reizes otr\u0101s vietas pasaules kausa posmos izc\u012bn\u012bju\u0161i Ilm\u0101rs Bricis un Andrejs Rastorgujevs, kam\u0113r J\u0113kabs N\u0101kums divreiz palicis uzreiz aiz godalgoto pjedest\u0101la. 2001. gad\u0101 Raivis Z\u012bmelis izc\u012bn\u012bja sept\u012bto vietu Anholcas sprint\u0101.<\/p>\n<p>Edgars Mise, kuram parasti n\u0101kas start\u0113t ar krietni zem\u0101kiem starta numuriem, \u0161oreiz tras\u0113 dev\u0101s k\u0101 35. numura \u012bpa\u0161nieks. Madonas biatlonists ilgi gatavoj\u0101s pirmajam \u0161\u0101vienam un pie\u013c\u0101va k\u013c\u016bdu. T\u0101l\u0101kos \u010detrus m\u0113r\u0137us pirmaj\u0101 ugunsl\u012bnij\u0101 Mise aizv\u0113ra. Otraj\u0101 piecu \u0161\u0101vienu s\u0113rij\u0101 Mise s\u0101ka ar diviem prec\u012bziem raid\u012bjumiem, bet p\u0113c tam bija tr\u012bs k\u013c\u016bdas, sagand\u0113jot jebk\u0101das cer\u012bbas uz piekl\u0101j\u012bgu rezult\u0101tu. Pirmaj\u0101 sacens\u012bbu pus\u0113 \u010detras k\u013c\u016bdas sakr\u0101ju\u0161ais Mise p\u0113c\u0101k pievienoja v\u0113l tr\u012bs k\u013c\u016bdas. Paliekot ar ar piecu min\u016b\u0161u un 25 sekun\u017eu soda laiku, kopum\u0101 Madonas sportists uzvar\u0113t\u0101jam zaud\u0113ja nepilnas asto\u0146as min\u016btes, paliekot ar 85. vietu.<\/p>\n<p>Ja Mises sniegums ugunsl\u012bnij\u0101 \u0161aj\u0101s sacens\u012bb\u0101s lik\u0101s katastrof\u0101ls, tad komandas biedrs Aleksandrs Patrijuks teica &#8220;Paturi manu ali\u0146u!&#8221; un \u0161au\u0161an\u0101 sakr\u0101ja desmit k\u013c\u016bdas, uzr\u0101dot otro visslikt\u0101ko precizit\u0101ti no 98 sacens\u012bbu dal\u012bbniekiem. P\u013cavi\u0146u biatlona p\u0101rst\u0101vis palika 95. viet\u0101, apsteidzot tikai igauni Rasmusu T\u012bslaru un divus pa balo\u017eiem \u0161\u0101vu\u0161os bulg\u0101rus.<\/p>\n<blockquote class=\"twitter-tweet\">\n<p lang=\"en\" dir=\"ltr\">Eric Perrot&#8217;s rounding into perfect form ahead of the Olympics! \ud83d\udc40<\/p>\n<p>Flawless 20\/20 that will secure him the victory in the Men&#8217;s Short Individual in Nove Mesto \ud83d\ude2e <a href=\"https:\/\/t.co\/ahe5LT869a\" rel=\"nofollow\">pic.twitter.com\/ahe5LT869a<\/a><\/p>\n<p>\u2014 International Biathlon Union (@biathlonworld) <a href=\"https:\/\/twitter.com\/biathlonworld\/status\/2014404987481211344?ref_src=twsrc%5Etfw\" rel=\"nofollow noopener\" target=\"_blank\">January 22, 2026<\/a><\/p><\/blockquote>\n<p>Sacens\u012bb\u0101s, kur\u0101s daudziem favor\u012btiem bija gr\u016bt\u012bbas ugunsl\u012bnij\u0101, visus 20 no 20 sa\u0161\u0101va Eriks Perro. Franc\u016bzis izc\u012bn\u012bja savu sezonas otro uzvaru. Dubultuzvaru franc\u016b\u017eiem \u013c\u0101va nopeln\u012bt Emilj\u0113ns \u017dakl\u0113ns, kur\u0161 ar\u012b tr\u0101p\u012bja visus \u0161\u0101vienus. Savuk\u0101rt savu sezonas lab\u0101ko sniegumu sasniedza Lukas Hofers, izc\u012bnot tre\u0161o vietu. Uz pjedest\u0101la individu\u0101laj\u0101s sacens\u012bb\u0101s It\u0101lijas biatlona p\u0101rst\u0101vis nebija k\u0101pis teju \u010detrus gadus.<\/p>\n<p>J\u0101atz\u012bm\u0113, ka \u0161aj\u0101s sacens\u012bb\u0101s iztr\u016bka virkne ar vado\u0161ajiem Norv\u0113\u0123ijas biatlonistiem, kuri turpina m\u0113r\u0137tiec\u012bgu gatavo\u0161anos \u010detrgades liel\u0101kajam ziemas sporta forumam.<\/p>\n<p>PK sestais posms, sa\u012bsin\u0101t\u0101 klasika v\u012brie\u0161iem, Nove Mesto<\/p>\n<tr>VSportistsValstsK\u013c.Laiks<\/tr>\n<tr class=\"even\">\n<td>1.<\/td>\n<td>Eriks Perro<\/td>\n<td>Francija<\/td>\n<td>0+0+0+0 [0]<\/td>\n<td class=\"ralign\">36:30.6<\/td>\n<\/tr>\n<tr class=\"odd\">\n<td>2.<\/td>\n<td>Emilj\u0113ns \u017dakl\u0113ns<\/td>\n<td>Francija<\/td>\n<td>0+0+0+0 [0]<\/td>\n<td class=\"ralign\">+41.8<\/td>\n<\/tr>\n<tr class=\"even\">\n<td>3.<\/td>\n<td>Lukass Hofers<\/td>\n<td>It\u0101lija<\/td>\n<td>0+0+0+0 [0]<\/td>\n<td class=\"ralign\">+54.1<\/td>\n<\/tr>\n<tr class=\"odd\">\n<td>4.<\/td>\n<td>Oskars Lombardo<\/td>\n<td>Francija<\/td>\n<td>0+1+0+0 [1]<\/td>\n<td class=\"ralign\">+1:46.2<\/td>\n<\/tr>\n<tr class=\"even\">\n<td>5.<\/td>\n<td>Martins Nevlands<\/td>\n<td>Norv\u0113\u0123ija<\/td>\n<td>0+0+0+0 [0]<\/td>\n<td class=\"ralign\">+1:57.9<\/td>\n<\/tr>\n<tr class=\"odd\">\n<td>6.<\/td>\n<td>Emilj\u0113ns Klods<\/td>\n<td>Francija<\/td>\n<td>2+0+0+0 [2]<\/td>\n<td class=\"ralign\">+2:04.0<\/td>\n<\/tr>\n<tr class=\"even\">\n<td>7.<\/td>\n<td>Rom\u0101ns R\u0113ss<\/td>\n<td>V\u0101cija<\/td>\n<td>0+1+0+0 [1]<\/td>\n<td class=\"ralign\">+2:16.5<\/td>\n<\/tr>\n<tr class=\"odd\">\n<td>8.<\/td>\n<td>Sv\u0113re Dal\u012bns Aspeness<\/td>\n<td>Norv\u0113\u0123ija<\/td>\n<td>1+0+0+1 [2]<\/td>\n<td class=\"ralign\">+2:30.7<\/td>\n<\/tr>\n<tr class=\"even\">\n<td>9.<\/td>\n<td>Ren\u0101rs Birkent\u0101ls<\/td>\n<td>Latvija<\/td>\n<td>1+1+0+0 [2]<\/td>\n<td class=\"ralign\">+2:31.9<\/td>\n<\/tr>\n<tr class=\"odd\">\n<td>10.<\/td>\n<td>Tommazo D\u017eakomels<\/td>\n<td>It\u0101lija<\/td>\n<td>0+1+0+3 [4]<\/td>\n<td class=\"ralign\">+2:33.0<\/td>\n<\/tr>\n<tr class=\"even\">\n<td\/>\n<td\/>\n<td\/>\n<td\/>\n<td class=\"ralign\"\/><\/tr>\n<tr class=\"odd\">\n<td\/>\n<td\/>\n<td\/>\n<td\/>\n<td class=\"ralign\"\/><\/tr>\n<tr class=\"even\">\n<td>85.<\/td>\n<td>Edgars Mise<\/td>\n<td>Latvija<\/td>\n<td>1+3+1+2 [7]<\/td>\n<td class=\"ralign\">+7:47.5<\/td>\n<\/tr>\n<tr class=\"odd\">\n<td>95.<\/td>\n<td>Aleksandrs Patrijuks<\/td>\n<td>Latvija<\/td>\n<td>1+4+3+2 [10]<\/td>\n<td class=\"ralign\">+11:08.5<\/td>\n<\/tr>\n<p>Piedal\u012bj\u0101s 98 biatlonisti.<\/p>\n<p>Pasaules kausa sestais posms biatlon\u0101 Nove Mesto<\/p>\n<tr>DatumsLaiksSacens\u012bbas<\/tr>\n<tr class=\"even\">\n<td>22.01.<\/td>\n<td class=\"ralign\">19:15<\/td>\n<td>15km sa\u012bsin\u0101t\u0101 klasika v\u012brie\u0161iem<\/td>\n<\/tr>\n<tr class=\"odd\">\n<td>23.01.<\/td>\n<td class=\"ralign\">19:15<\/td>\n<td>12.5km sa\u012bsin\u0101t\u0101 klasika sieviet\u0113m<\/td>\n<\/tr>\n<tr class=\"even\">\n<td>24.01.<\/td>\n<td class=\"ralign\">14:15<\/td>\n<td>P\u0101ru stafete<\/td>\n<\/tr>\n<tr class=\"odd\">\n<td\/>\n<td class=\"ralign\">16:10<\/td>\n<td>Jaukt\u0101 stafete<\/td>\n<\/tr>\n<tr class=\"even\">\n<td>25.01.<\/td>\n<td class=\"ralign\">16:15<\/td>\n<td>15km masu starts v\u012brie\u0161iem<\/td>\n<\/tr>\n<tr class=\"odd\">\n<td\/>\n<td class=\"ralign\">19:15<\/td>\n<td>12.5km masu starts sieviet\u0113m<\/td>\n<\/tr>\n<p>                <script async src=\"https:\/\/platform.twitter.com\/widgets.js\" charset=\"utf-8\"><\/script><\/p>\n","protected":false},"excerpt":{"rendered":"Ilm\u0101ram Bricim p\u0113c diskvalifik\u0101cijas atgrie\u017eoties Latvijas biatlona izlases treneru \u0161t\u0101b\u0101, \u0161oreiz PK posmu nol\u0113ma izlaist sl\u0113pes ar treneri&hellip;\n","protected":false},"author":2,"featured_media":100366,"comment_status":"","ping_status":"","sticky":false,"template":"","format":"standard","meta":{"footnotes":""},"categories":[5],"tags":[23,28,29,32,33,22,30,31,35,39,38,36,37,34,40,20,26,27,24,25,620,21],"class_list":{"0":"post-111270","1":"post","2":"type-post","3":"status-publish","4":"format-standard","5":"has-post-thumbnail","7":"category-aktualitates","8":"tag-aktualitates","9":"tag-breaking-news","10":"tag-breakingnews","11":"tag-featured-news","12":"tag-featurednews","13":"tag-headlines","14":"tag-latest-news","15":"tag-latestnews","16":"tag-latvia","17":"tag-latvian","18":"tag-latviesu","19":"tag-latviesu-valoda","20":"tag-latviesuvaloda","21":"tag-latvija","22":"tag-lv","23":"tag-news","24":"tag-popularakas-zinas","25":"tag-popularakaszinas","26":"tag-top-stories","27":"tag-topstories","28":"tag-ziemas-sports","29":"tag-zinas"},"share_on_mastodon":{"url":"https:\/\/pubeurope.com\/@lv\/115941235886344772","error":""},"_links":{"self":[{"href":"https:\/\/www.europesays.com\/lv\/wp-json\/wp\/v2\/posts\/111270","targetHints":{"allow":["GET"]}}],"collection":[{"href":"https:\/\/www.europesays.com\/lv\/wp-json\/wp\/v2\/posts"}],"about":[{"href":"https:\/\/www.europesays.com\/lv\/wp-json\/wp\/v2\/types\/post"}],"author":[{"embeddable":true,"href":"https:\/\/www.europesays.com\/lv\/wp-json\/wp\/v2\/users\/2"}],"replies":[{"embeddable":true,"href":"https:\/\/www.europesays.com\/lv\/wp-json\/wp\/v2\/comments?post=111270"}],"version-history":[{"count":0,"href":"https:\/\/www.europesays.com\/lv\/wp-json\/wp\/v2\/posts\/111270\/revisions"}],"wp:featuredmedia":[{"embeddable":true,"href":"https:\/\/www.europesays.com\/lv\/wp-json\/wp\/v2\/media\/100366"}],"wp:attachment":[{"href":"https:\/\/www.europesays.com\/lv\/wp-json\/wp\/v2\/media?parent=111270"}],"wp:term":[{"taxonomy":"category","embeddable":true,"href":"https:\/\/www.europesays.com\/lv\/wp-json\/wp\/v2\/categories?post=111270"},{"taxonomy":"post_tag","embeddable":true,"href":"https:\/\/www.europesays.com\/lv\/wp-json\/wp\/v2\/tags?post=111270"}],"curies":[{"name":"wp","href":"https:\/\/api.w.org\/{rel}","templated":true}]}}