{"id":111285,"date":"2026-01-23T00:05:07","date_gmt":"2026-01-23T00:05:07","guid":{"rendered":"https:\/\/www.europesays.com\/lv\/111285\/"},"modified":"2026-01-23T00:05:07","modified_gmt":"2026-01-23T00:05:07","slug":"saglabajam-modribu-ko-nozime-trampa-atkapsanas-grenlandes-jautajuma-tvnet","status":"publish","type":"post","link":"https:\/\/www.europesays.com\/lv\/111285\/","title":{"rendered":"&quot;Saglab\u0101jam modr\u012bbu&quot;: ko noz\u012bm\u0113 Trampa &quot;atk\u0101p\u0161an\u0101s&quot; Grenlandes jaut\u0101jum\u0101? &#8211; TVNET"},"content":{"rendered":"<ol>\n<li><a href=\"https:\/\/news.google.com\/rss\/articles\/CBMinAFBVV95cUxNN01yeFR2V29WcUNLemh3cjllS19ON2dNNkFGM3BMNGlvNG55NGZSeWN2clhxcVYzRzZjT3hYVEZHV0Z6bUR4Tmg2UUJnWW9oMVBBdFpSSk5PX2l5NWNZUnROSXNERWdiUTZfdmFCZzBJUVZPM184a0RoNDh3UWM4QktpZkNoRW5rdndxNmhRbE1RckFYbF9sb1lEb0g?oc=5\" target=\"_blank\" rel=\"nofollow noopener\">&#8220;Saglab\u0101jam modr\u012bbu&#8221;: ko noz\u012bm\u0113 Trampa &#8220;atk\u0101p\u0161an\u0101s&#8221; Grenlandes jaut\u0101jum\u0101?<\/a>&nbsp;&nbsp;TVNET<\/li>\n<li><a href=\"https:\/\/news.google.com\/rss\/articles\/CBMi0AFBVV95cUxOcGV5RVU4TlVCQmppbFl4aHVCR2gwc09PM2ViNDluVHBMZGYwY0pwX0pGMkZSaC1LTzN1MzBja1pyanZGb1lDMTRnUFo3M214Z2NVbDJZdXpQRU1NOC00anYzS1h0Ri1kcHV1YXlOaXFQeDRWMEkzdHNzVmpLYmlBaTMyaEt4Y3h4X25Gd3Z5T0JSS25fV1R6UkdtRU1nUEV0dmg0eEVIU1lmMjJ4SEtSTXhxMlNrNkV1aFFrUThtRnEwVUQzR0tjdC1fZ3pyUzlv?oc=5\" target=\"_blank\" rel=\"nofollow noopener\">Tramps draud Eiropai ar bargu sodu, ja t\u0101 m\u0113\u0123in\u0101s sist pa ASV ekonomiku un p\u0101rdot ASV oblig\u0101cijas<\/a>&nbsp;&nbsp;Jauns.lv<\/li>\n<li><a href=\"https:\/\/news.google.com\/rss\/articles\/CBMi9wFBVV95cUxNekRGYS1VaklyOTNkNWh6Z0J3ZllXYVFKYnp1Yk5FeFAwOU9TdU5qenpWN3piVmd0QmFFeERNYVI0eTBoRmFabU50ZDBOTnZWaGRNRHlsTlN2d0paQU9TMWxLYVVoWHo1cXFQUVVlSkFydE03OGZZbXVYSWRLYnhQU08tX0paemVVT2pJbkthejk2UWJaSExKRVdJa09McERJSnFPN21PMXlzRXI2S3hrRkRJMWlITDhLRU1GcWdPNFBiUTRtbVZRYUsxRTVrM25sLVRyVW9EenVYRV9hTlN6SjFObXNQQnc2eVdWektfc0tnQmc3VUpV?oc=5\" target=\"_blank\" rel=\"nofollow noopener\">\u00abDro\u0161\u012bbas barometrs\u00bb: Vai Trampa centieni ieg\u016bt Grenlandi noz\u012bm\u0113 NATO beigas un kad Ukrain\u0101 iest\u0101sies miers?<\/a>&nbsp;&nbsp;LSM<\/li>\n<li><a href=\"https:\/\/news.google.com\/rss\/articles\/CBMikAFBVV95cUxQYUhSTV82V21lVHpUUE1sVm1NRnlyZmV3c2hCSmZISTVQYndCOWlvYjV5UGpiTFd1R3VrTVNRbk9Tc1dtNUNFekktUDRKelR3RVY1WFpaemEtY3pSQWNOOVJ4bXdFMElQTHM2cmZxcmJfdEhLS3JQMFJyOWhPUWx4WnhnWVlWMTRZOGZ6VU9DVWo?oc=5\" target=\"_blank\" rel=\"nofollow noopener\">Ja \u0161odien piek\u0101pjamies tarifiem, vai r\u012bt tirgosies ar Narvu un Baltiju: k\u0101p\u0113c Grenlandes st\u0101sts nav tikai par D\u0101niju<\/a>&nbsp;&nbsp;TVNET<\/li>\n<li><a href=\"https:\/\/news.google.com\/rss\/articles\/CBMiwAFBVV95cUxPTF9Rb0NRSkdjLUJhMmM5WXhock0yTXRtRk40SEZRdWhpRFNTYVdTdTlteHpIcllYQWJrUHdKNXVrNjNCelpxR0tsQUFkM29Bd2dXN2YySWxSRzlLUlRmcUo5aFp0MWo0SDQxY2VzNUVlWVcyVlVTbEJfLWVIeTQzTF9ZbV9FVUZtRTJZRFNKWEIwZEc3RFRUOEd4RWt3SXNQWTNvTFh6MF8zRS1HSWJCMk5CNTFMeXhnS0xYZnNhczc?oc=5\" target=\"_blank\" rel=\"nofollow noopener\">\u201cVai nu tu ar Trampu sap\u0101rojies, vai ar\u012b vi\u0146\u0161 tevi aprij.\u201d Ko jaun\u0101kais solis Grenlandes jaut\u0101jum\u0101 noz\u012bm\u0113 ASV?<\/a>&nbsp;&nbsp;LA.LV<\/li>\n<\/ol>\n","protected":false},"excerpt":{"rendered":"&#8220;Saglab\u0101jam modr\u012bbu&#8221;: ko noz\u012bm\u0113 Trampa &#8220;atk\u0101p\u0161an\u0101s&#8221; Grenlandes jaut\u0101jum\u0101?&nbsp;&nbsp;TVNET Tramps draud Eiropai ar bargu sodu, ja t\u0101 m\u0113\u0123in\u0101s sist&hellip;\n","protected":false},"author":2,"featured_media":111286,"comment_status":"","ping_status":"","sticky":false,"template":"","format":"standard","meta":{"footnotes":""},"categories":[5],"tags":[23,63,292,28,29,1418,542,32,33,20878,22,30,31,35,39,38,36,37,34,40,3652,26162,71,20,26,27,24,25,2238,21],"class_list":{"0":"post-111285","1":"post","2":"type-post","3":"status-publish","4":"format-standard","5":"has-post-thumbnail","7":"category-aktualitates","8":"tag-aktualitates","9":"tag-arvalstis","10":"tag-asv","11":"tag-breaking-news","12":"tag-breakingnews","13":"tag-danija","14":"tag-donalds-tramps","15":"tag-featured-news","16":"tag-featurednews","17":"tag-grenlande","18":"tag-headlines","19":"tag-latest-news","20":"tag-latestnews","21":"tag-latvia","22":"tag-latvian","23":"tag-latviesu","24":"tag-latviesu-valoda","25":"tag-latviesuvaloda","26":"tag-latvija","27":"tag-lv","28":"tag-marks-rite","29":"tag-mete-frederiksena","30":"tag-nato","31":"tag-news","32":"tag-popularakas-zinas","33":"tag-popularakaszinas","34":"tag-top-stories","35":"tag-topstories","36":"tag-tvnet-arvalstis","37":"tag-zinas"},"share_on_mastodon":{"url":"https:\/\/pubeurope.com\/@lv\/115941495439755534","error":""},"_links":{"self":[{"href":"https:\/\/www.europesays.com\/lv\/wp-json\/wp\/v2\/posts\/111285","targetHints":{"allow":["GET"]}}],"collection":[{"href":"https:\/\/www.europesays.com\/lv\/wp-json\/wp\/v2\/posts"}],"about":[{"href":"https:\/\/www.europesays.com\/lv\/wp-json\/wp\/v2\/types\/post"}],"author":[{"embeddable":true,"href":"https:\/\/www.europesays.com\/lv\/wp-json\/wp\/v2\/users\/2"}],"replies":[{"embeddable":true,"href":"https:\/\/www.europesays.com\/lv\/wp-json\/wp\/v2\/comments?post=111285"}],"version-history":[{"count":0,"href":"https:\/\/www.europesays.com\/lv\/wp-json\/wp\/v2\/posts\/111285\/revisions"}],"wp:featuredmedia":[{"embeddable":true,"href":"https:\/\/www.europesays.com\/lv\/wp-json\/wp\/v2\/media\/111286"}],"wp:attachment":[{"href":"https:\/\/www.europesays.com\/lv\/wp-json\/wp\/v2\/media?parent=111285"}],"wp:term":[{"taxonomy":"category","embeddable":true,"href":"https:\/\/www.europesays.com\/lv\/wp-json\/wp\/v2\/categories?post=111285"},{"taxonomy":"post_tag","embeddable":true,"href":"https:\/\/www.europesays.com\/lv\/wp-json\/wp\/v2\/tags?post=111285"}],"curies":[{"name":"wp","href":"https:\/\/api.w.org\/{rel}","templated":true}]}}