{"id":111287,"date":"2026-01-23T00:23:37","date_gmt":"2026-01-23T00:23:37","guid":{"rendered":"https:\/\/www.europesays.com\/lv\/111287\/"},"modified":"2026-01-23T00:23:37","modified_gmt":"2026-01-23T00:23:37","slug":"ecb-prezidente-nespeja-vairs-izturet-pec-asv-ministra-runas-aizcirta-durvis","status":"publish","type":"post","link":"https:\/\/www.europesays.com\/lv\/111287\/","title":{"rendered":"ECB prezidente nesp\u0113ja vairs iztur\u0113t \u2013 p\u0113c ASV ministra runas aizcirta durvis"},"content":{"rendered":"<p>&#8220;Bloomberg&#8221; avoti zi\u0146o, ka otrdienas vakar\u0101 VIP pas\u0101kum\u0101 piedal\u012bj\u0101s vair\u0101k nek\u0101 100 cilv\u0113ku, un p\u0113d\u0113j\u0101 run\u0101t\u0101js bija Latniks.<\/p>\n<p><a href=\"https:\/\/www.apollo.lv\/term\/555410\/asv\" class=\"topicLink\" target=\"_blank\" rel=\"nofollow noopener\">ASV<\/a> tirdzniec\u012bbas ministrs sav\u0101 run\u0101 vakari\u0146u viesiem noniecin\u0101jis Eiropas ekonomiku un t\u0101s konkur\u0113tsp\u0113jas tr\u016bkumu sal\u012bdzin\u0101jum\u0101 ar ASV priek\u0161roc\u012bb\u0101m. Tas rad\u012bja ne\u0113rt\u012bbas vair\u0101kiem telp\u0101 eso\u0161ajiem eiropie\u0161iem, un, k\u0101 nor\u0101da avoti, tika man\u012bts, ka Lagarda p\u0113k\u0161\u0146i aizg\u0101ja prom, kad pieauga kritika.<\/p>\n<p>K\u0101ds avots medijam sac\u012bja, ka ASV tirdzniec\u012bbas ministra izteikumi tika uztverti ar svilpieniem.<\/p>\n<p><a href=\"https:\/\/www.apollo.lv\/term\/99290\/ecb\" class=\"topicLink\" target=\"_blank\" rel=\"nofollow noopener\">ECB<\/a> vad\u012bt\u0101ja ir bijus\u012b Francijas finan\u0161u ministre, kura liel\u0101ko da\u013cu Trampa pirm\u0101 prezident\u016bras termi\u0146a vad\u012bja ar\u012b Starptautisko Val\u016btas fondu. 2024. gada s\u0101kum\u0101 vi\u0146a br\u012bdin\u0101ja, ka Trampa atgrie\u0161an\u0101s Baltaj\u0101 nam\u0101 var\u0113tu rad\u012bt probl\u0113mas Eiropai.<\/p>\n","protected":false},"excerpt":{"rendered":"&#8220;Bloomberg&#8221; avoti zi\u0146o, ka otrdienas vakar\u0101 VIP pas\u0101kum\u0101 piedal\u012bj\u0101s vair\u0101k nek\u0101 100 cilv\u0113ku, un p\u0113d\u0113j\u0101 run\u0101t\u0101js bija Latniks.&hellip;\n","protected":false},"author":2,"featured_media":110480,"comment_status":"","ping_status":"","sticky":false,"template":"","format":"standard","meta":{"footnotes":""},"categories":[5],"tags":[23,292,780,28,29,548,427,10200,514,32,33,22,30,31,35,39,38,36,37,34,40,20,26,27,7239,24,25,21],"class_list":{"0":"post-111287","1":"post","2":"type-post","3":"status-publish","4":"format-standard","5":"has-post-thumbnail","7":"category-aktualitates","8":"tag-aktualitates","9":"tag-asv","10":"tag-bankas","11":"tag-breaking-news","12":"tag-breakingnews","13":"tag-ecb","14":"tag-eiropa","15":"tag-eiropas-centrala-banka","16":"tag-eiropas-savieniba","17":"tag-featured-news","18":"tag-featurednews","19":"tag-headlines","20":"tag-latest-news","21":"tag-latestnews","22":"tag-latvia","23":"tag-latvian","24":"tag-latviesu","25":"tag-latviesu-valoda","26":"tag-latviesuvaloda","27":"tag-latvija","28":"tag-lv","29":"tag-news","30":"tag-popularakas-zinas","31":"tag-popularakaszinas","32":"tag-sveice","33":"tag-top-stories","34":"tag-topstories","35":"tag-zinas"},"share_on_mastodon":{"url":"https:\/\/pubeurope.com\/@lv\/115941566236874242","error":""},"_links":{"self":[{"href":"https:\/\/www.europesays.com\/lv\/wp-json\/wp\/v2\/posts\/111287","targetHints":{"allow":["GET"]}}],"collection":[{"href":"https:\/\/www.europesays.com\/lv\/wp-json\/wp\/v2\/posts"}],"about":[{"href":"https:\/\/www.europesays.com\/lv\/wp-json\/wp\/v2\/types\/post"}],"author":[{"embeddable":true,"href":"https:\/\/www.europesays.com\/lv\/wp-json\/wp\/v2\/users\/2"}],"replies":[{"embeddable":true,"href":"https:\/\/www.europesays.com\/lv\/wp-json\/wp\/v2\/comments?post=111287"}],"version-history":[{"count":0,"href":"https:\/\/www.europesays.com\/lv\/wp-json\/wp\/v2\/posts\/111287\/revisions"}],"wp:featuredmedia":[{"embeddable":true,"href":"https:\/\/www.europesays.com\/lv\/wp-json\/wp\/v2\/media\/110480"}],"wp:attachment":[{"href":"https:\/\/www.europesays.com\/lv\/wp-json\/wp\/v2\/media?parent=111287"}],"wp:term":[{"taxonomy":"category","embeddable":true,"href":"https:\/\/www.europesays.com\/lv\/wp-json\/wp\/v2\/categories?post=111287"},{"taxonomy":"post_tag","embeddable":true,"href":"https:\/\/www.europesays.com\/lv\/wp-json\/wp\/v2\/tags?post=111287"}],"curies":[{"name":"wp","href":"https:\/\/api.w.org\/{rel}","templated":true}]}}