{"id":111299,"date":"2026-01-23T00:59:43","date_gmt":"2026-01-23T00:59:43","guid":{"rendered":"https:\/\/www.europesays.com\/lv\/111299\/"},"modified":"2026-01-23T00:59:43","modified_gmt":"2026-01-23T00:59:43","slug":"strids-ap-grenlandi-padara-nato-neaizsargatu-pret-krievijas-uzbrukumu","status":"publish","type":"post","link":"https:\/\/www.europesays.com\/lv\/111299\/","title":{"rendered":"Str\u012bds ap Grenlandi padara NATO neaizsarg\u0101tu pret Krievijas uzbrukumu"},"content":{"rendered":"<p>\u201cNATO sp\u0113ku pamat\u0101 ir princips \u201cviens par visiem, visi par vienu\u201d. Ja tas tiek p\u0101rk\u0101pts, pati <a href=\"https:\/\/www.tvnet.lv\/term\/9898\/nato\" class=\"topicLink\" target=\"_blank\" rel=\"nofollow noopener\">NATO<\/a> b\u016bt\u012bba izz\u016bd,\u201d vi\u0146\u0161 teica. Masu mediju zi\u0146ojumi liecina, ka salied\u0113t\u012bba bie\u017ei tiek min\u0113ta k\u0101 NATO strat\u0113\u0123iskais smaguma centrs \u2013 galu gal\u0101 t\u0101 ir sp\u0113ja darboties k\u0101 vienotam veselam, neraugoties uz to, ka alians\u0113 ir 32 valstis.<\/p>\n<p>P\u0113c \u0123ener\u0101\u013ca teikt\u0101, \u0161is princips p\u0113d\u0113jo reizi tika demonstr\u0113ts p\u0113c 11. septembra, kad Va\u0161ingtona aktiviz\u0113ja 5. pantu \u2013 alianses kolekt\u012bv\u0101s aizsardz\u012bbas klauzulu, lai iesaist\u012btu NATO dal\u012bbvalstis sav\u0101 kampa\u0146\u0101 Afganist\u0101n\u0101. \u0160\u012b bija pirm\u0101 un p\u0113d\u0113j\u0101 reize, kad tika aktiviz\u0113ts 5. pants.<\/p>\n<p>Zolfranks, kura pav\u0113lniec\u012bba ir atbild\u012bga par visu V\u0101cijas milit\u0101ro oper\u0101ciju pl\u0101no\u0161anu un izpildi, sp\u0113l\u0113tu galveno lomu jebkur\u0101 iesp\u0113jam\u0101 konflikt\u0101 starp NATO un Krieviju.<\/p>\n","protected":false},"excerpt":{"rendered":"\u201cNATO sp\u0113ku pamat\u0101 ir princips \u201cviens par visiem, visi par vienu\u201d. Ja tas tiek p\u0101rk\u0101pts, pati NATO b\u016bt\u012bba&hellip;\n","protected":false},"author":2,"featured_media":111300,"comment_status":"","ping_status":"","sticky":false,"template":"","format":"standard","meta":{"footnotes":""},"categories":[5],"tags":[23,292,3700,28,29,32,33,20878,22,74,30,31,35,39,38,36,37,34,40,71,20,26,27,24,25,2238,299,21],"class_list":{"0":"post-111299","1":"post","2":"type-post","3":"status-publish","4":"format-standard","5":"has-post-thumbnail","7":"category-aktualitates","8":"tag-aktualitates","9":"tag-asv","10":"tag-autoritarisma-ena-par-eiropu","11":"tag-breaking-news","12":"tag-breakingnews","13":"tag-featured-news","14":"tag-featurednews","15":"tag-grenlande","16":"tag-headlines","17":"tag-krievijas-iebrukums-ukraina","18":"tag-latest-news","19":"tag-latestnews","20":"tag-latvia","21":"tag-latvian","22":"tag-latviesu","23":"tag-latviesu-valoda","24":"tag-latviesuvaloda","25":"tag-latvija","26":"tag-lv","27":"tag-nato","28":"tag-news","29":"tag-popularakas-zinas","30":"tag-popularakaszinas","31":"tag-top-stories","32":"tag-topstories","33":"tag-tvnet-arvalstis","34":"tag-vacija","35":"tag-zinas"},"share_on_mastodon":{"url":"https:\/\/pubeurope.com\/@lv\/115941707797553972","error":""},"_links":{"self":[{"href":"https:\/\/www.europesays.com\/lv\/wp-json\/wp\/v2\/posts\/111299","targetHints":{"allow":["GET"]}}],"collection":[{"href":"https:\/\/www.europesays.com\/lv\/wp-json\/wp\/v2\/posts"}],"about":[{"href":"https:\/\/www.europesays.com\/lv\/wp-json\/wp\/v2\/types\/post"}],"author":[{"embeddable":true,"href":"https:\/\/www.europesays.com\/lv\/wp-json\/wp\/v2\/users\/2"}],"replies":[{"embeddable":true,"href":"https:\/\/www.europesays.com\/lv\/wp-json\/wp\/v2\/comments?post=111299"}],"version-history":[{"count":0,"href":"https:\/\/www.europesays.com\/lv\/wp-json\/wp\/v2\/posts\/111299\/revisions"}],"wp:featuredmedia":[{"embeddable":true,"href":"https:\/\/www.europesays.com\/lv\/wp-json\/wp\/v2\/media\/111300"}],"wp:attachment":[{"href":"https:\/\/www.europesays.com\/lv\/wp-json\/wp\/v2\/media?parent=111299"}],"wp:term":[{"taxonomy":"category","embeddable":true,"href":"https:\/\/www.europesays.com\/lv\/wp-json\/wp\/v2\/categories?post=111299"},{"taxonomy":"post_tag","embeddable":true,"href":"https:\/\/www.europesays.com\/lv\/wp-json\/wp\/v2\/tags?post=111299"}],"curies":[{"name":"wp","href":"https:\/\/api.w.org\/{rel}","templated":true}]}}