{"id":111334,"date":"2026-01-23T04:22:08","date_gmt":"2026-01-23T04:22:08","guid":{"rendered":"https:\/\/www.europesays.com\/lv\/111334\/"},"modified":"2026-01-23T04:22:08","modified_gmt":"2026-01-23T04:22:08","slug":"saeima-lemj-butiski-ierobezot-talmacibas-iespejas-skoleniem-lidz-6-klasei-1188-lv-2","status":"publish","type":"post","link":"https:\/\/www.europesays.com\/lv\/111334\/","title":{"rendered":"Saeima lemj b\u016btiski ierobe\u017eot t\u0101lm\u0101c\u012bbas iesp\u0113jas skol\u0113niem l\u012bdz 6. klasei &#8211; 1188.lv"},"content":{"rendered":"<ol>\n<li><a href=\"https:\/\/news.google.com\/rss\/articles\/CBMiqwFBVV95cUxPLTBjWTRqTnNLV1B6a1NpWVNDc0tCLWtvTmtDc3Y3ZUtCbjBSaGlDWVBicWFMVTh3V24yelZ6TnlfUll1UUc0dmhMZ3JyVXlYRjV4Zjh3dDJ1TW9lOVZnUndpYUxBNDVZVzRzVkliSmlGUjMtd291OWkyMDVGYkI1d1dwNzBiS01LSnV5NXRXQ2QtVnRKMzk1YXVLa0tBWTdEM2RvRkFhYmpvTEk?oc=5\" target=\"_blank\" rel=\"nofollow noopener\">Saeima lemj b\u016btiski ierobe\u017eot t\u0101lm\u0101c\u012bbas iesp\u0113jas skol\u0113niem l\u012bdz 6. klasei<\/a>&nbsp;&nbsp;1188.lv<\/li>\n<li><a href=\"https:\/\/news.google.com\/rss\/articles\/CBMi1AFBVV95cUxOVEFZdVRselFkc1hCZGltNEpUTDdkaVgxdHV2aHcwUnNOZDBiYW9GaEtIQUNlVEV5WHRWeWg5dUxwMmZiUC13SWdXNXdtVUgzeWVXaGhtSzNITkJjdFFKRkh1OEhjZzFVeU5PSnFIdlNVN2hYdnVibFU0UWpVRVpNZ3UyQjVjb2VxN1h3UTlNZnhidksyRGQydW9nV0M4cU8wMGRYV3JyNjdwTDNMblkzTEtWQ1dvZm9sYzRQaGVLcUxYVDJjLVkyaU1VY0hjSUpaNmF2VQ?oc=5\" target=\"_blank\" rel=\"nofollow noopener\">B\u016btiski ierobe\u017eos t\u0101lm\u0101c\u012bbu pirmaj\u0101s se\u0161\u0101s klas\u0113s; groz\u012bjumus l\u016bdz neizsludin\u0101t \/ Raksts<\/a>&nbsp;&nbsp;LSM<\/li>\n<li><a href=\"https:\/\/news.google.com\/rss\/articles\/CBMiyAFBVV95cUxOaUg2M1dhZGhCSFB1NmtsOFdSbTVSTHlaSnRWRDlVS19wWDZ3R09qMkhhdEhTYzBOY0oza2s5akllYWdCQXJkUmVoRlkwWnRiZDM4bDRqZElTOXZDV00wU3dNOFpxOGtHcG1lMmlJUGswNlRKdzdGVDF6QmpTOVN5czRCY242LTVVVEhRRnljcDRpNXA4MkJSaVFRU0lBTnJzV0NkdENIT2FGanlvdXpvaURERDBiME5PMG1neEtsYTFMQVhUZTBQZg?oc=5\" target=\"_blank\" rel=\"nofollow noopener\">\u201cParastaj\u0101s\u201d skol\u0101s pedagogi un skol\u0113ni ir k\u0101 no div\u0101m da\u017e\u0101d\u0101m pasaul\u0113m \u2013 k\u0101das mammas pieredze ar meitas t\u0101lm\u0101c\u012bbu<\/a>&nbsp;&nbsp;LA.LV<\/li>\n<li><a href=\"https:\/\/news.google.com\/rss\/articles\/CBMi2gFBVV95cUxOaVFqbFhCc1M5bHMzWG5INzhqOG5sMUo0elZsZ1lLMTBsMFcxY1c2NHF2Zm16TmhMWTZLUGc4dUFTbnQ5dmZRZkFUak1TdFdULUt6Vk9NYjBPaC05Vmstc19oSC1YRGtpMVZCalJ6LWcyUmlPdEZTLXhvZGNjd3JNUkotQ0l5UG1DMlJUR0tVMGM2OTAxTHJYNjBFRW52TFc1TGItUTBuZnNMTU41eWRpbV9faWR3LUtlZGlISk1ZS21YOTR6S2JNWjZ6eEU2RENlbFNVTWowQjBud9IB3wFBVV95cUxOS2trUEVnU1RlU0tYUHpERTRtcVFMREQ5NUl4aTcybmZjSzhOVjJ1cEp4REVWMTZxaG9kOFo5MUhwUHhuSGtoTEVZbGZ0UXFtRldqOXpXWV8zTzN1WmtTc3RfckdxTXFac2w2RnJnWi1OVmdUbEk5VnRFNTFqOTMwQzFBUE9FZkVQdmJGeHpLMlhZMV9tX3A0M0RybXYzWUdoblUxQ0xGRENPNjdVaHFMVmt3WFA4TXpNeU1QTklzbmphQThNdFFOUFctNE1LTmpwbl9uUGY2UGM0ZTNpdjZN?oc=5\" target=\"_blank\" rel=\"nofollow noopener\">Aicina Valsts prezidentu nodot otrreiz\u0113jai caurl\u016bko\u0161anai likumu \u00abGroz\u012bjumi Izgl\u012bt\u012bbas likum\u0101\u00bb<\/a>&nbsp;&nbsp;bb.lv<\/li>\n<li><a href=\"https:\/\/news.google.com\/rss\/articles\/CBMimAFBVV95cUxPNHk3ZDBIanFEc2ZGX2pFejFsWFoteHA1OF9GTVQ3Z0gwV25UUm4xTjQyajUyNDd5dVVRWFdYM1pZdGxDWDJRUGZKODhRRVM2X2hfNzE5VFE0RnNJOU5OSmo2dG5scEg1QnJBNVA4ZVBzSXBGTUlxejB1QzNSeDVDUmJCbk1QN0FNb21jazJFRERPMTRyZF9Ybg?oc=5\" target=\"_blank\" rel=\"nofollow noopener\">Saeima lems par izmai\u0146\u0101m saist\u012bb\u0101 ar t\u0101lm\u0101c\u012bbu<\/a>&nbsp;&nbsp;LV port\u0101ls<\/li>\n<\/ol>\n","protected":false},"excerpt":{"rendered":"Saeima lemj b\u016btiski ierobe\u017eot t\u0101lm\u0101c\u012bbas iesp\u0113jas skol\u0113niem l\u012bdz 6. klasei&nbsp;&nbsp;1188.lv B\u016btiski ierobe\u017eos t\u0101lm\u0101c\u012bbu pirmaj\u0101s se\u0161\u0101s klas\u0113s; groz\u012bjumus l\u016bdz&hellip;\n","protected":false},"author":2,"featured_media":110830,"comment_status":"","ping_status":"","sticky":false,"template":"","format":"standard","meta":{"footnotes":""},"categories":[12],"tags":[129,4004,660,1884,1209,23,28,29,32,33,22,30,31,35,39,38,36,37,34,40,20,26,27,661,1210,4005,1885,662,1211,4006,1886,24,25,21],"class_list":{"0":"post-111334","1":"post","2":"type-post","3":"status-publish","4":"format-standard","5":"has-post-thumbnail","7":"category-latvija","8":"tag-__typenameadvicekeyword","9":"tag-id575","10":"tag-id636","11":"tag-id637","12":"tag-id824","13":"tag-aktualitates","14":"tag-breaking-news","15":"tag-breakingnews","16":"tag-featured-news","17":"tag-featurednews","18":"tag-headlines","19":"tag-latest-news","20":"tag-latestnews","21":"tag-latvia","22":"tag-latvian","23":"tag-latviesu","24":"tag-latviesu-valoda","25":"tag-latviesuvaloda","26":"tag-latvija","27":"tag-lv","28":"tag-news","29":"tag-popularakas-zinas","30":"tag-popularakaszinas","31":"tag-slugizglitiba","32":"tag-slugpolitika","33":"tag-slugsaeima","34":"tag-slugskoleni","35":"tag-titleizglitiba","36":"tag-titlepolitika","37":"tag-titlesaeima","38":"tag-titleskoleni","39":"tag-top-stories","40":"tag-topstories","41":"tag-zinas"},"share_on_mastodon":{"url":"","error":"Validation failed: Text character limit of 500 exceeded"},"_links":{"self":[{"href":"https:\/\/www.europesays.com\/lv\/wp-json\/wp\/v2\/posts\/111334","targetHints":{"allow":["GET"]}}],"collection":[{"href":"https:\/\/www.europesays.com\/lv\/wp-json\/wp\/v2\/posts"}],"about":[{"href":"https:\/\/www.europesays.com\/lv\/wp-json\/wp\/v2\/types\/post"}],"author":[{"embeddable":true,"href":"https:\/\/www.europesays.com\/lv\/wp-json\/wp\/v2\/users\/2"}],"replies":[{"embeddable":true,"href":"https:\/\/www.europesays.com\/lv\/wp-json\/wp\/v2\/comments?post=111334"}],"version-history":[{"count":0,"href":"https:\/\/www.europesays.com\/lv\/wp-json\/wp\/v2\/posts\/111334\/revisions"}],"wp:featuredmedia":[{"embeddable":true,"href":"https:\/\/www.europesays.com\/lv\/wp-json\/wp\/v2\/media\/110830"}],"wp:attachment":[{"href":"https:\/\/www.europesays.com\/lv\/wp-json\/wp\/v2\/media?parent=111334"}],"wp:term":[{"taxonomy":"category","embeddable":true,"href":"https:\/\/www.europesays.com\/lv\/wp-json\/wp\/v2\/categories?post=111334"},{"taxonomy":"post_tag","embeddable":true,"href":"https:\/\/www.europesays.com\/lv\/wp-json\/wp\/v2\/tags?post=111334"}],"curies":[{"name":"wp","href":"https:\/\/api.w.org\/{rel}","templated":true}]}}