{"id":111344,"date":"2026-01-23T04:41:07","date_gmt":"2026-01-23T04:41:07","guid":{"rendered":"https:\/\/www.europesays.com\/lv\/111344\/"},"modified":"2026-01-23T04:41:07","modified_gmt":"2026-01-23T04:41:07","slug":"tramps-draud-ar-lieliem-pretpasakumiem-ja-eiropas-valstis-pardos-asv-obligacijas-dienas-bizness","status":"publish","type":"post","link":"https:\/\/www.europesays.com\/lv\/111344\/","title":{"rendered":"Tramps draud ar lieliem pretpas\u0101kumiem, ja Eiropas valstis p\u0101rdos ASV oblig\u0101cijas :: Dienas Bizness"},"content":{"rendered":"<p class=\"text-font font-size--text-xlarge margin-3--bottom font-weight--bold padding-1--top\">ASV prezidents Donalds Tramps ceturtdien draud\u0113ja ar lieliem pretpas\u0101kumiem, ja Eiropas valstis, lai izdar\u012btu spiedienu uz Va\u0161ingtonu, p\u0101rdotu ASV Valsts kases oblig\u0101cijas.<\/p>\n<p class=\"text-font font-size--text-xlarge margin-3--bottom\">&#8220;Ja tas notiktu, no m\u016bsu puses b\u016btu lieli pretpas\u0101kumi, un mums ir visas k\u0101rtis,&#8221; Tramps sac\u012bja telekan\u0101la &#8220;Fox Business&#8221; raid\u012bjum\u0101.<\/p>\n<p class=\"text-font font-size--text-xlarge margin-3--bottom\">Vi\u0146\u0161 atzina, ka Eiropas valst\u012bm ir daudz ASV valsts oblig\u0101ciju.<\/p>\n<p class=\"text-font font-size--text-xlarge margin-3--bottom\">Starp ASV un Eiropu saasin\u0101jusies spriedze saist\u012bb\u0101 ar Va\u0161ingtonas pretenzij\u0101m uz D\u0101nijas autonomo teritoriju Grenlandi, k\u0101 iemeslu minot Savienoto Valstu nacion\u0101l\u0101s dro\u0161\u012bbas intereses.<\/p>\n<p class=\"text-font font-size--text-xlarge margin-3--bottom\">Trampa draudi piem\u0113rot muitas tarifus Eiropas valst\u012bm par to, ka t\u0101s nepiekr\u012bt vi\u0146a pras\u012bbai ieg\u016bt Grenlandi, \u0161oned\u0113\u013c satricin\u0101ja pasaules finan\u0161u tirgus.<\/p>\n<p class=\"text-font font-size--text-xlarge margin-3--bottom\">Ta\u010du Pasaules Ekonomikas forum\u0101 Davos\u0101 Tramps tre\u0161dien atk\u0101p\u0101s no draudiem ar sp\u0113ku at\u0146emt Grenlandi D\u0101nijai un pazi\u0146oja, ka tom\u0113r nenoteiks jaunus tarifus Eiropas valst\u012bm.<\/p>\n<p class=\"text-font font-size--text-xlarge margin-3--bottom\">Nov\u0113rot\u0101ji uzskata, ka Eiropai \u0161aj\u0101 situ\u0101cij\u0101 ir ekonomiska ietekme, jo Eiropas NATO valstu tur\u0113jum\u0101 ir ASV valsts oblig\u0101cijas vair\u0101k nek\u0101 divu triljonu dol\u0101ru v\u0113rt\u012bb\u0101.<\/p>\n<p class=\"text-font font-size--text-xlarge margin-3--bottom\">Ja pieskait\u012btu ar\u012b Kan\u0101das tur\u0113jum\u0101 eso\u0161\u0101s oblig\u0101cijas, tad saska\u0146\u0101 ar ASV vald\u012bbas datiem \u0161is skaitlis pieaugtu l\u012bdz aptuveni trim triljoniem dol\u0101ru.<\/p>\n<p class=\"text-font font-size--text-xlarge margin-3--bottom\">Jau zi\u0146ots, ka vair\u0101ki Zieme\u013cvalstu pensiju fondi p\u0101rdod ASV valsts oblig\u0101cijas, \u0161\u0101du l\u0113mumu skaidrojot ar Savienoto Valstu pa\u0161reiz\u0113j\u0101s administr\u0101cijas neprognoz\u0113jam\u012bbu un valsts par\u0101dsaist\u012bbu k\u0101pumu.<\/p>\n","protected":false},"excerpt":{"rendered":"ASV prezidents Donalds Tramps ceturtdien draud\u0113ja ar lieliem pretpas\u0101kumiem, ja Eiropas valstis, lai izdar\u012btu spiedienu uz Va\u0161ingtonu, p\u0101rdotu&hellip;\n","protected":false},"author":2,"featured_media":111345,"comment_status":"","ping_status":"","sticky":false,"template":"","format":"standard","meta":{"footnotes":""},"categories":[5],"tags":[23,869,77,870,28,29,867,32,33,22,30,31,35,39,38,36,37,34,871,868,40,20,26,27,24,25,21],"class_list":{"0":"post-111344","1":"post","2":"type-post","3":"status-publish","4":"format-standard","5":"has-post-thumbnail","7":"category-aktualitates","8":"tag-aktualitates","9":"tag-biznesa-zinas","10":"tag-bizness","11":"tag-bizness-latvija","12":"tag-breaking-news","13":"tag-breakingnews","14":"tag-dienas-zinas","15":"tag-featured-news","16":"tag-featurednews","17":"tag-headlines","18":"tag-latest-news","19":"tag-latestnews","20":"tag-latvia","21":"tag-latvian","22":"tag-latviesu","23":"tag-latviesu-valoda","24":"tag-latviesuvaloda","25":"tag-latvija","26":"tag-latvijas-biznesa-zinas","27":"tag-latvijas-zinas","28":"tag-lv","29":"tag-news","30":"tag-popularakas-zinas","31":"tag-popularakaszinas","32":"tag-top-stories","33":"tag-topstories","34":"tag-zinas"},"share_on_mastodon":{"url":"https:\/\/pubeurope.com\/@lv\/115942580686560811","error":""},"_links":{"self":[{"href":"https:\/\/www.europesays.com\/lv\/wp-json\/wp\/v2\/posts\/111344","targetHints":{"allow":["GET"]}}],"collection":[{"href":"https:\/\/www.europesays.com\/lv\/wp-json\/wp\/v2\/posts"}],"about":[{"href":"https:\/\/www.europesays.com\/lv\/wp-json\/wp\/v2\/types\/post"}],"author":[{"embeddable":true,"href":"https:\/\/www.europesays.com\/lv\/wp-json\/wp\/v2\/users\/2"}],"replies":[{"embeddable":true,"href":"https:\/\/www.europesays.com\/lv\/wp-json\/wp\/v2\/comments?post=111344"}],"version-history":[{"count":0,"href":"https:\/\/www.europesays.com\/lv\/wp-json\/wp\/v2\/posts\/111344\/revisions"}],"wp:featuredmedia":[{"embeddable":true,"href":"https:\/\/www.europesays.com\/lv\/wp-json\/wp\/v2\/media\/111345"}],"wp:attachment":[{"href":"https:\/\/www.europesays.com\/lv\/wp-json\/wp\/v2\/media?parent=111344"}],"wp:term":[{"taxonomy":"category","embeddable":true,"href":"https:\/\/www.europesays.com\/lv\/wp-json\/wp\/v2\/categories?post=111344"},{"taxonomy":"post_tag","embeddable":true,"href":"https:\/\/www.europesays.com\/lv\/wp-json\/wp\/v2\/tags?post=111344"}],"curies":[{"name":"wp","href":"https:\/\/api.w.org\/{rel}","templated":true}]}}