{"id":111349,"date":"2026-01-23T04:52:21","date_gmt":"2026-01-23T04:52:21","guid":{"rendered":"https:\/\/www.europesays.com\/lv\/111349\/"},"modified":"2026-01-23T04:52:21","modified_gmt":"2026-01-23T04:52:21","slug":"naktis-sals-dienas-neliels-siltums-laikapstaklu-prognoze-tuvakajam-dienam-bnn-lv","status":"publish","type":"post","link":"https:\/\/www.europesays.com\/lv\/111349\/","title":{"rendered":"Nakt\u012bs sals, dien\u0101s neliels siltums: laikapst\u0101k\u013cu prognoze tuv\u0101kaj\u0101m dien\u0101m &#8211; &#8211; BNN.LV"},"content":{"rendered":"<ol>\n<li><a href=\"https:\/\/news.google.com\/rss\/articles\/CBMimgFBVV95cUxNZXhZMmViaE1ybDRNYURWSTlZVUE3UGQ2YlBQQW5uX1hDZWZ2OWIzZkhVaFVMSlZ5QXdUdy1OQ19udHdGZHlFVzNaUThKSlFabm1HNFphUnBXUkt2OTZTeXloVVA3VGNXY0FZazVtR1FzNXQ3eV9ld3lUNXhSQ3J4MDRHbVBwSktlalVhVWJMaG03c2ZYVVhrNEh3?oc=5\" target=\"_blank\" rel=\"nofollow noopener\">Nakt\u012bs sals, dien\u0101s neliels siltums: laikapst\u0101k\u013cu prognoze tuv\u0101kaj\u0101m dien\u0101m &#8211;<\/a>&nbsp;&nbsp;BNN.LV<\/li>\n<li><a href=\"https:\/\/news.google.com\/rss\/articles\/CBMimwFBVV95cUxQMUdnNWJ1UDIwQkRaOXlDNFJKT1JwcnBhc1ZKcTREQUxURVdpdWYwZ080U1lsX1hyVHFDa21xWi1FblNIRk1nREJPVENldVJ1YXZJdEFxUW1Sci1hUU9Kd1hDbzg3Vlo4aFlKSzRIWFdtUUg1NWVJWHctUTdGbm5xaThNQm1BdVFJT3o4WndHbUhQRjJ5bW0waE9hZw?oc=5\" target=\"_blank\" rel=\"nofollow noopener\">Ceturtdien k\u013c\u016bs v\u0113jain\u0101ks \/ Raksts<\/a>&nbsp;&nbsp;LSM<\/li>\n<li><a href=\"https:\/\/news.google.com\/rss\/articles\/CBMikwFBVV95cUxPZ05Fb21lV0NmS09pR0I3TF9SVXZwM0VQTFJ0VmtqYTg4anVXa1NpeFcyM2luQU15U1V2TkxJa1RyMEZWa0dIVF9JZEQxU1BobjFBek1JaXlYaVc0S05SRjdlTkhDN0dObkdid1J4RV9HYmNPNmlTcFhIdGZjNG9RN0xaRlRCbEZTWGdscjJPZlBqNGc?oc=5\" target=\"_blank\" rel=\"nofollow noopener\">Sniegs un sniegvilksnis: k\u0101dus laikapst\u0101k\u013cus \u0161odienai prognoz\u0113 sinopti\u0137i?<\/a>&nbsp;&nbsp;LA.LV<\/li>\n<li><a href=\"https:\/\/news.google.com\/rss\/articles\/CBMipgFBVV95cUxNcHFpaEEyODZ4ZVBqbnhRZFVqUUpObTJpUGljLWcwak5sRm53U3V3NmZldXBOLUtodzgyNFkzZXppOHJjWGltSlVBQVN0Nkp0UTBRbkJtVE5ycFAybHNJVEdGUGtDVWJ4bFA0cDZETEI2MlpEeERqdzNHek4tOVdiMWl4NHFBdmxGVDBuZGRfVG1MY29ZZTh0OVJXbGhLR1ZuRG5idzln?oc=5\" target=\"_blank\" rel=\"nofollow noopener\">Ceturtdiena b\u016bs ned\u0113\u013cas silt\u0101k\u0101 diena, p\u016bt\u012bs ass v\u0113j\u0161<\/a>&nbsp;&nbsp;Diena<\/li>\n<li><a href=\"https:\/\/news.google.com\/rss\/articles\/CBMie0FVX3lxTE9Ha09COVQ4WV9EWm5rVUhfVzhrbTAwd3I3cXpPRTBWNEZxNjBhUHZtTEI2LTh1LVJGdHY2NkxvU21TeVh2OTN4TF9LT2hBbE9IaXNORV9sSUdLd3g0a1FadlBvWEpPTVVZcmU1SVo5bmtScWVHekNVSUo0Yw?oc=5\" target=\"_blank\" rel=\"nofollow noopener\">Vis\u0101 valst\u012b mazin\u0101jies sals; ceturtdien gaid\u0101ms m\u0101ko\u0146ains un v\u0113jains laiks<\/a>&nbsp;&nbsp;bauskasdzive.lv<\/li>\n<\/ol>\n","protected":false},"excerpt":{"rendered":"Nakt\u012bs sals, dien\u0101s neliels siltums: laikapst\u0101k\u013cu prognoze tuv\u0101kaj\u0101m dien\u0101m &#8211;&nbsp;&nbsp;BNN.LV Ceturtdien k\u013c\u016bs v\u0113jain\u0101ks \/ Raksts&nbsp;&nbsp;LSM Sniegs un sniegvilksnis:&hellip;\n","protected":false},"author":2,"featured_media":111350,"comment_status":"","ping_status":"","sticky":false,"template":"","format":"standard","meta":{"footnotes":""},"categories":[12],"tags":[23,16920,20696,25882,28,29,32,33,10662,22,1052,16640,26176,30,31,35,39,38,36,37,34,40,9296,10715,26177,20,26,27,16895,3377,25884,24,25,21],"class_list":{"0":"post-111349","1":"post","2":"type-post","3":"status-publish","4":"format-standard","5":"has-post-thumbnail","7":"category-latvija","8":"tag-aktualitates","9":"tag-atkusnis","10":"tag-aukstums","11":"tag-austrumu-vejs","12":"tag-breaking-news","13":"tag-breakingnews","14":"tag-featured-news","15":"tag-featurednews","16":"tag-gaisa-temperatura","17":"tag-headlines","18":"tag-laikapstakli-latvija","19":"tag-laikapstaklu-prognoze","20":"tag-laiks-latvija","21":"tag-latest-news","22":"tag-latestnews","23":"tag-latvia","24":"tag-latvian","25":"tag-latviesu","26":"tag-latviesu-valoda","27":"tag-latviesuvaloda","28":"tag-latvija","29":"tag-lv","30":"tag-lvgmc","31":"tag-migla","32":"tag-nedelas-nogales-laikapstakli","33":"tag-news","34":"tag-popularakas-zinas","35":"tag-popularakaszinas","36":"tag-sals","37":"tag-sinoptiki","38":"tag-svarigi","39":"tag-top-stories","40":"tag-topstories","41":"tag-zinas"},"share_on_mastodon":{"url":"","error":"Validation failed: Text character limit of 500 exceeded"},"_links":{"self":[{"href":"https:\/\/www.europesays.com\/lv\/wp-json\/wp\/v2\/posts\/111349","targetHints":{"allow":["GET"]}}],"collection":[{"href":"https:\/\/www.europesays.com\/lv\/wp-json\/wp\/v2\/posts"}],"about":[{"href":"https:\/\/www.europesays.com\/lv\/wp-json\/wp\/v2\/types\/post"}],"author":[{"embeddable":true,"href":"https:\/\/www.europesays.com\/lv\/wp-json\/wp\/v2\/users\/2"}],"replies":[{"embeddable":true,"href":"https:\/\/www.europesays.com\/lv\/wp-json\/wp\/v2\/comments?post=111349"}],"version-history":[{"count":0,"href":"https:\/\/www.europesays.com\/lv\/wp-json\/wp\/v2\/posts\/111349\/revisions"}],"wp:featuredmedia":[{"embeddable":true,"href":"https:\/\/www.europesays.com\/lv\/wp-json\/wp\/v2\/media\/111350"}],"wp:attachment":[{"href":"https:\/\/www.europesays.com\/lv\/wp-json\/wp\/v2\/media?parent=111349"}],"wp:term":[{"taxonomy":"category","embeddable":true,"href":"https:\/\/www.europesays.com\/lv\/wp-json\/wp\/v2\/categories?post=111349"},{"taxonomy":"post_tag","embeddable":true,"href":"https:\/\/www.europesays.com\/lv\/wp-json\/wp\/v2\/tags?post=111349"}],"curies":[{"name":"wp","href":"https:\/\/api.w.org\/{rel}","templated":true}]}}