{"id":111374,"date":"2026-01-23T05:33:07","date_gmt":"2026-01-23T05:33:07","guid":{"rendered":"https:\/\/www.europesays.com\/lv\/111374\/"},"modified":"2026-01-23T05:33:07","modified_gmt":"2026-01-23T05:33:07","slug":"eiropas-savienibas-lideri-kritiski-verte-trampa-izveidotas-miera-padomes-kompetenci","status":"publish","type":"post","link":"https:\/\/www.europesays.com\/lv\/111374\/","title":{"rendered":"Eiropas Savien\u012bbas l\u012bderi kritiski v\u0113rt\u0113 Trampa izveidot\u0101s Miera padomes kompetenci"},"content":{"rendered":"<p>&#8220;Mums ir nopietnas \u0161aubas par vair\u0101kiem elementiem Miera padomes stat\u016btos, kas attiecas uz t\u0101s kompetenci, p\u0101rvald\u012bbu un atbilst\u012bbu <a href=\"https:\/\/www.tvnet.lv\/term\/555576\/ano\" class=\"topicLink\" target=\"_blank\" rel=\"nofollow noopener\">ANO<\/a> Hartai,&#8221; sac\u012bja Ko\u0161ta p\u0113c Eiropadomes \u0101rk\u0101rtas samita Brisel\u0113.<\/p>\n<p>&#8220;M\u0113s esam gatavi str\u0101d\u0101t kop\u0101 ar <a href=\"https:\/\/www.tvnet.lv\/term\/555410\/asv\" class=\"topicLink\" target=\"_blank\" rel=\"nofollow noopener\">ASV<\/a> pie visaptvero\u0161a Miera pl\u0101na Gazai ievie\u0161anas, Miera padomei pildot savu misiju k\u0101 pagaidu administr\u0101cijai,&#8221; teica Ko\u0161ta.<\/p>\n<p>Tramps ceturtdien ceremonij\u0101 Davos\u0101, kur notiek Pasaules ekonomikas forums, ofici\u0101li izveidoja Miera padomi, parakstot t\u0101s dibin\u0101\u0161anas dokumentu.<\/p>\n<p>ASV prezidents pats ir padomes priek\u0161s\u0113d\u0113t\u0101js. Valstis, kas iemaks\u0101 miljardu ASV dol\u0101ru, var ieg\u016bt past\u0101v\u012bgu dal\u012bbu, bet cit\u0101m valst\u012bm b\u016bs tr\u012bs gadu pilnvaru termi\u0146\u0161. Pilns dal\u012bbvalstu saraksts v\u0113l nav publiskots.<\/p>\n<p>Tramps s\u0101kotn\u0113ji iecer\u0113ja \u0161o padomi k\u0101 strukt\u016bru, kas p\u0101rraudz\u012btu Gazas joslas atjauno\u0161anu. Kop\u0161 t\u0101 laika vi\u0146\u0161 ir ierosin\u0101jis, ka \u0161o strukt\u016bru var\u0113tu papla\u0161in\u0101t, lai t\u0101 var\u0113tu risin\u0101t konfliktus un kr\u012bzes vis\u0101 pasaul\u0113, un, kad vi\u0146am tre\u0161dien Davos\u0101 jaut\u0101ja, vai t\u0101 var\u0113tu aizst\u0101t ANO, vi\u0146\u0161 atbild\u0113ja apstiprino\u0161i. Diplom\u0101ti, kas iepazinu\u0161ies ar padomes stat\u016btiem, zi\u0146u a\u0123ent\u016brai DPA nor\u0101d\u012bja, ka t\u0101 ir nesl\u0113pts izaicin\u0101jums ANO.<\/p>\n<p>Sp\u0101nijas premjerministrs Pedro San\u010dess p\u0113c samita pateica reportieriem, ka vi\u0146a valsts ir noraid\u012bjusi uzaicin\u0101jumu piedal\u012bties Miera padom\u0113.<\/p>\n<p>Francija pazi\u0146oja, ka Miera padomes stat\u016bti ir &#8220;nesavienojami&#8221; ar Francijas starptautiskaj\u0101m saist\u012bb\u0101m, sevi\u0161\u0137i ar t\u0101s dal\u012bbu ANO.<\/p>\n<p>Daudzas ASV Rietumu sabiedrot\u0101s kritiz\u0113ju\u0161as Krievijas un Baltkrievijas uzaicin\u0101\u0161anu pievienoties Miera padomei, uzskatot, ka neviens uzticams miera forums nevar ietvert Krieviju, kas ved asi\u0146ainu karu pret Ukrainu.<\/p>\n","protected":false},"excerpt":{"rendered":"&#8220;Mums ir nopietnas \u0161aubas par vair\u0101kiem elementiem Miera padomes stat\u016btos, kas attiecas uz t\u0101s kompetenci, p\u0101rvald\u012bbu un atbilst\u012bbu&hellip;\n","protected":false},"author":2,"featured_media":111375,"comment_status":"","ping_status":"","sticky":false,"template":"","format":"standard","meta":{"footnotes":""},"categories":[14],"tags":[23,341,57,292,28,29,542,514,32,33,22,503,30,31,35,39,38,36,37,34,40,20,26,27,24,25,54,55,56,21,58],"class_list":{"0":"post-111374","1":"post","2":"type-post","3":"status-publish","4":"format-standard","5":"has-post-thumbnail","7":"category-zinas-no-arvalstim","8":"tag-aktualitates","9":"tag-ano","10":"tag-arvalstim","11":"tag-asv","12":"tag-breaking-news","13":"tag-breakingnews","14":"tag-donalds-tramps","15":"tag-eiropas-savieniba","16":"tag-featured-news","17":"tag-featurednews","18":"tag-headlines","19":"tag-izraelas-palestiniesu-konflikts","20":"tag-latest-news","21":"tag-latestnews","22":"tag-latvia","23":"tag-latvian","24":"tag-latviesu","25":"tag-latviesu-valoda","26":"tag-latviesuvaloda","27":"tag-latvija","28":"tag-lv","29":"tag-news","30":"tag-popularakas-zinas","31":"tag-popularakaszinas","32":"tag-top-stories","33":"tag-topstories","34":"tag-world","35":"tag-world-news","36":"tag-worldnews","37":"tag-zinas","38":"tag-zinas-no-arvalstim"},"share_on_mastodon":{"url":"https:\/\/pubeurope.com\/@lv\/115942785219443498","error":""},"_links":{"self":[{"href":"https:\/\/www.europesays.com\/lv\/wp-json\/wp\/v2\/posts\/111374","targetHints":{"allow":["GET"]}}],"collection":[{"href":"https:\/\/www.europesays.com\/lv\/wp-json\/wp\/v2\/posts"}],"about":[{"href":"https:\/\/www.europesays.com\/lv\/wp-json\/wp\/v2\/types\/post"}],"author":[{"embeddable":true,"href":"https:\/\/www.europesays.com\/lv\/wp-json\/wp\/v2\/users\/2"}],"replies":[{"embeddable":true,"href":"https:\/\/www.europesays.com\/lv\/wp-json\/wp\/v2\/comments?post=111374"}],"version-history":[{"count":0,"href":"https:\/\/www.europesays.com\/lv\/wp-json\/wp\/v2\/posts\/111374\/revisions"}],"wp:featuredmedia":[{"embeddable":true,"href":"https:\/\/www.europesays.com\/lv\/wp-json\/wp\/v2\/media\/111375"}],"wp:attachment":[{"href":"https:\/\/www.europesays.com\/lv\/wp-json\/wp\/v2\/media?parent=111374"}],"wp:term":[{"taxonomy":"category","embeddable":true,"href":"https:\/\/www.europesays.com\/lv\/wp-json\/wp\/v2\/categories?post=111374"},{"taxonomy":"post_tag","embeddable":true,"href":"https:\/\/www.europesays.com\/lv\/wp-json\/wp\/v2\/tags?post=111374"}],"curies":[{"name":"wp","href":"https:\/\/api.w.org\/{rel}","templated":true}]}}