{"id":111376,"date":"2026-01-23T05:35:08","date_gmt":"2026-01-23T05:35:08","guid":{"rendered":"https:\/\/www.europesays.com\/lv\/111376\/"},"modified":"2026-01-23T05:35:08","modified_gmt":"2026-01-23T05:35:08","slug":"horoskops-piektdienai-23-janvarim","status":"publish","type":"post","link":"https:\/\/www.europesays.com\/lv\/111376\/","title":{"rendered":"Horoskops piektdienai, 23. janv\u0101rim"},"content":{"rendered":"<p>Dienas horoskops: Intu\u012bcija b\u016bs asa un pal\u012bdz\u0113s pie\u0146emt pareizus l\u0113mumus. Vari saprast situ\u0101ciju, kas ilgi \u0161\u0137ita neskaidra. Vakars piem\u0113rots klus\u0101m p\u0101rdom\u0101m.<br \/>M\u012blest\u012bba un karjera: Attiec\u012bb\u0101s vald\u012bs patiesums un dzi\u013cums. Partneris nov\u0113rt\u0113s tavu god\u012bgumu. Darb\u0101 iesp\u0113jams nosl\u0113gt noz\u012bm\u012bgu posmu.<\/p>\n<p>Dienas horoskops: Diena ienes\u012bs optimismu un br\u012bvdienu priek\u0161nojautu. Vari pl\u0101not atp\u016btu vai spont\u0101nu izbraucienu. Vakars b\u016bs priec\u012bgs.<br \/>M\u012blest\u012bba un karjera: Attiec\u012bb\u0101s vald\u012bs br\u012bv\u012bba un atkl\u0101t\u012bba. Partneris nov\u0113rt\u0113s tavu pozit\u012bvo skat\u012bjumu. Darb\u0101 iedvesma b\u016bs svar\u012bg\u0101ka par tempu.<\/p>\n<p>Dienas horoskops: \u0160odien b\u016bsi sav\u0101kts un produkt\u012bvs. Vari veiksm\u012bgi pabeigt svar\u012bgus uzdevumus. Vakars piem\u0113rots mier\u012bgai atelpai.<br \/>M\u012blest\u012bba un karjera: Attiec\u012bb\u0101s vald\u012bs stabilit\u0101te un uztic\u012bba. Partneris sajut\u012bs tavu atbalstu. Darb\u0101 iesp\u0113jams just gandar\u012bjumu par paveikto.<\/p>\n<p>Dienas horoskops: Pr\u0101ts b\u016bs rado\u0161s un br\u012bvs. Vari g\u016bt iedvesmu sarun\u0101s vai negaid\u012bt\u0101s situ\u0101cij\u0101s. Vakars piem\u0113rots draudz\u012bbai.<br \/>M\u012blest\u012bba un karjera: Attiec\u012bb\u0101s vald\u012bs atkl\u0101t\u012bba un autentiskums. Partneris nov\u0113rt\u0113s tavu patiesumu. Darb\u0101 pan\u0101kumi n\u0101ks ar ori\u0123in\u0101lu pieeju.<\/p>\n<p>Dienas horoskops: Diena b\u016bs emocion\u0101li bag\u0101ta un intuit\u012bva. Vari piev\u0113rsties rado\u0161umam vai mier\u012bgai atp\u016btai. Vakars b\u016bs dziedino\u0161s.<br \/>M\u012blest\u012bba un karjera: Attiec\u012bb\u0101s vald\u012bs emp\u0101tija un sirsn\u012bba. Partneris sajut\u012bs tavu sirds siltumu. Darb\u0101 seko intu\u012bcijai \u2014 t\u0101 pal\u012bdz\u0113s pareizi nosl\u0113gt ned\u0113\u013cu.<\/p>\n","protected":false},"excerpt":{"rendered":"Dienas horoskops: Intu\u012bcija b\u016bs asa un pal\u012bdz\u0113s pie\u0146emt pareizus l\u0113mumus. Vari saprast situ\u0101ciju, kas ilgi \u0161\u0137ita neskaidra. Vakars&hellip;\n","protected":false},"author":2,"featured_media":111377,"comment_status":"","ping_status":"","sticky":false,"template":"","format":"standard","meta":{"footnotes":""},"categories":[5],"tags":[23,28,29,32,33,22,760,562,30,31,35,39,38,36,37,34,40,20,26,27,24,25,21],"class_list":{"0":"post-111376","1":"post","2":"type-post","3":"status-publish","4":"format-standard","5":"has-post-thumbnail","7":"category-aktualitates","8":"tag-aktualitates","9":"tag-breaking-news","10":"tag-breakingnews","11":"tag-featured-news","12":"tag-featurednews","13":"tag-headlines","14":"tag-horoskopi","15":"tag-horoskops","16":"tag-latest-news","17":"tag-latestnews","18":"tag-latvia","19":"tag-latvian","20":"tag-latviesu","21":"tag-latviesu-valoda","22":"tag-latviesuvaloda","23":"tag-latvija","24":"tag-lv","25":"tag-news","26":"tag-popularakas-zinas","27":"tag-popularakaszinas","28":"tag-top-stories","29":"tag-topstories","30":"tag-zinas"},"share_on_mastodon":{"url":"https:\/\/pubeurope.com\/@lv\/115942793056251767","error":""},"_links":{"self":[{"href":"https:\/\/www.europesays.com\/lv\/wp-json\/wp\/v2\/posts\/111376","targetHints":{"allow":["GET"]}}],"collection":[{"href":"https:\/\/www.europesays.com\/lv\/wp-json\/wp\/v2\/posts"}],"about":[{"href":"https:\/\/www.europesays.com\/lv\/wp-json\/wp\/v2\/types\/post"}],"author":[{"embeddable":true,"href":"https:\/\/www.europesays.com\/lv\/wp-json\/wp\/v2\/users\/2"}],"replies":[{"embeddable":true,"href":"https:\/\/www.europesays.com\/lv\/wp-json\/wp\/v2\/comments?post=111376"}],"version-history":[{"count":0,"href":"https:\/\/www.europesays.com\/lv\/wp-json\/wp\/v2\/posts\/111376\/revisions"}],"wp:featuredmedia":[{"embeddable":true,"href":"https:\/\/www.europesays.com\/lv\/wp-json\/wp\/v2\/media\/111377"}],"wp:attachment":[{"href":"https:\/\/www.europesays.com\/lv\/wp-json\/wp\/v2\/media?parent=111376"}],"wp:term":[{"taxonomy":"category","embeddable":true,"href":"https:\/\/www.europesays.com\/lv\/wp-json\/wp\/v2\/categories?post=111376"},{"taxonomy":"post_tag","embeddable":true,"href":"https:\/\/www.europesays.com\/lv\/wp-json\/wp\/v2\/tags?post=111376"}],"curies":[{"name":"wp","href":"https:\/\/api.w.org\/{rel}","templated":true}]}}