{"id":111388,"date":"2026-01-23T05:58:20","date_gmt":"2026-01-23T05:58:20","guid":{"rendered":"https:\/\/www.europesays.com\/lv\/111388\/"},"modified":"2026-01-23T05:58:20","modified_gmt":"2026-01-23T05:58:20","slug":"raimonda-paula-melodijas-jaunas-aranzijas-izskanes-jubilejas-koncertos-riga-lente-lv-2","status":"publish","type":"post","link":"https:\/\/www.europesays.com\/lv\/111388\/","title":{"rendered":"Raimonda Paula melodijas jaun\u0101s aran\u017eij\u0101s izskan\u0113s jubilejas koncertos R\u012bg\u0101\u00a0\u2014\u00a0Lente.lv"},"content":{"rendered":"<p>Maestro jubil\u0101r\u0101s dziesmas skan\u0113s jaun\u0101s interpret\u0101cij\u0101s<\/p>\n<p>R\u012bg\u0101, Kongresu nam\u0101 22. un 23. janv\u0101r\u012b norisin\u0101sies \u012bpa\u0161s koncertu cikls, kas velt\u012bts le\u0123end\u0101r\u0101 komponista Raimonda Paula 90. jubilejai. Pas\u0101kumus r\u012bko Latvijas Nacion\u0101lais simfoniskais or\u0137estris (LNSO) sadarb\u012bb\u0101 ar Latvijas Radio bigbendu un Valsts Akad\u0113misko kori &#8220;Latvija&#8221;. Koncertos skan\u0113s Maestro popul\u0101r\u0101k\u0101s melodijas jaun\u0101s aran\u017eij\u0101s, ko izpild\u012bs LNSO, Latvijas Radio bigbends, koris &#8220;Latvija&#8221;, k\u0101 ar\u012b solisti \u2013 dzied\u0101t\u0101ji Aija V\u012btoli\u0146a un Daumants Kalni\u0146\u0161, un pianists Mat\u012bss \u017dilinskis. Koncertus vad\u012bs diri\u0123ents M\u0101ris Sirmais. \u0160ie notikumi ir ne tikai velt\u012bjums jubil\u0101ram, bet ar\u012b apliecin\u0101jums vi\u0146a m\u016bzikas nemirst\u012bbai un sp\u0113jai iedvesmot jaun\u0101s paaudzes.<\/p>\n<p>Jaunas ska\u0146u kr\u0101sas paz\u012bstam\u0101m melodij\u0101m<\/p>\n<p>\u0160ie jubilejas koncerti izce\u013cas ar \u012bpa\u0161u programmu, kur\u0101 Raimonda Paula m\u016bzika skan\u0113s aran\u017e\u0113jumos, ko veidoju\u0161i Kalums Au un Pj\u0113rs Bertr\u0101ns. Bertr\u0101ns ir starptautiski atz\u012bts saksofonists, komponists un aran\u017e\u0113t\u0101js, kur\u0161 paz\u012bstams ar savu darbu pie pasaules l\u012bme\u0146a m\u0101kslinieku projektiem, tostarp Maikla Bubl\u0113 albuma &#8220;Higher&#8221;. Vi\u0146a sp\u0113ja apvienot d\u017eeza, klasisk\u0101s un pasaules m\u016bzikas elementus pie\u0161\u0137irs paz\u012bstamaj\u0101m Paula melodij\u0101m svaigas un interesantas ska\u0146u kr\u0101sas.<\/p>\n<p>Iev\u0113rojami m\u016bzi\u0137i un kol\u0113\u0123i uz skatuves<\/p>\n<p>Koncertu dal\u012bbnieku pulk\u0101 ir ne tikai LNSO, Latvijas Radio bigbends un koris &#8220;Latvija&#8221;, bet ar\u012b talant\u012bgi solisti. Dzied\u0101t\u0101ji Aija V\u012btoli\u0146a un Daumants Kalni\u0146\u0161, kuri iepriek\u0161 sadarboju\u0161ies ar vado\u0161ajiem Latvijas m\u016bzi\u0137iem un kolekt\u012bviem, pie\u0161\u0137irs savu interpret\u0101ciju Maestro ska\u0146darbiem. Pie klavier\u0113m s\u0113d\u012bsies jaunais un daudzsolo\u0161ais d\u017eeza pianists Mat\u012bss \u017dilinskis, kur\u0161 n\u0101k no muzik\u0101las dzimtas un jau pier\u0101d\u012bjis savu talantu da\u017e\u0101dos projektos.<\/p>\n<p>Kult\u016bras mantojuma svin\u012bbas<\/p>\n<p>Raimonda Paula dai\u013crade ir neat\u0146emama Latvijas kult\u016bras sast\u0101vda\u013ca, un vi\u0146a m\u016bzika bie\u017ei tiek raksturota k\u0101 dzi\u013ci latviska. Jubilejas koncerti R\u012bg\u0101 ir noz\u012bm\u012bgs notikums, kas apliecina komponista neatsveramo ieguld\u012bjumu Latvijas m\u016bzikas ainav\u0101. Bi\u013cetes uz abiem koncertiem ir izp\u0101rdotas, kas liecina par lielo interesi un cie\u0146u pret Maestro.<\/p>\n","protected":false},"excerpt":{"rendered":"Maestro jubil\u0101r\u0101s dziesmas skan\u0113s jaun\u0101s interpret\u0101cij\u0101s R\u012bg\u0101, Kongresu nam\u0101 22. un 23. janv\u0101r\u012b norisin\u0101sies \u012bpa\u0161s koncertu cikls, kas&hellip;\n","protected":false},"author":2,"featured_media":111364,"comment_status":"","ping_status":"","sticky":false,"template":"","format":"standard","meta":{"footnotes":""},"categories":[12],"tags":[23,28,29,32,33,22,193,30,31,35,39,38,36,37,34,2923,40,103,20,26,27,2672,172,24,25,21],"class_list":{"0":"post-111388","1":"post","2":"type-post","3":"status-publish","4":"format-standard","5":"has-post-thumbnail","7":"category-latvija","8":"tag-aktualitates","9":"tag-breaking-news","10":"tag-breakingnews","11":"tag-featured-news","12":"tag-featurednews","13":"tag-headlines","14":"tag-jubilejas-koncerts","15":"tag-latest-news","16":"tag-latestnews","17":"tag-latvia","18":"tag-latvian","19":"tag-latviesu","20":"tag-latviesu-valoda","21":"tag-latviesuvaloda","22":"tag-latvija","23":"tag-latvijas-nacionalais-simfoniskais-orkestris","24":"tag-lv","25":"tag-muzika","26":"tag-news","27":"tag-popularakas-zinas","28":"tag-popularakaszinas","29":"tag-raimonds-pauls","30":"tag-riga","31":"tag-top-stories","32":"tag-topstories","33":"tag-zinas"},"share_on_mastodon":{"url":"https:\/\/pubeurope.com\/@lv\/115942883531626834","error":""},"_links":{"self":[{"href":"https:\/\/www.europesays.com\/lv\/wp-json\/wp\/v2\/posts\/111388","targetHints":{"allow":["GET"]}}],"collection":[{"href":"https:\/\/www.europesays.com\/lv\/wp-json\/wp\/v2\/posts"}],"about":[{"href":"https:\/\/www.europesays.com\/lv\/wp-json\/wp\/v2\/types\/post"}],"author":[{"embeddable":true,"href":"https:\/\/www.europesays.com\/lv\/wp-json\/wp\/v2\/users\/2"}],"replies":[{"embeddable":true,"href":"https:\/\/www.europesays.com\/lv\/wp-json\/wp\/v2\/comments?post=111388"}],"version-history":[{"count":0,"href":"https:\/\/www.europesays.com\/lv\/wp-json\/wp\/v2\/posts\/111388\/revisions"}],"wp:featuredmedia":[{"embeddable":true,"href":"https:\/\/www.europesays.com\/lv\/wp-json\/wp\/v2\/media\/111364"}],"wp:attachment":[{"href":"https:\/\/www.europesays.com\/lv\/wp-json\/wp\/v2\/media?parent=111388"}],"wp:term":[{"taxonomy":"category","embeddable":true,"href":"https:\/\/www.europesays.com\/lv\/wp-json\/wp\/v2\/categories?post=111388"},{"taxonomy":"post_tag","embeddable":true,"href":"https:\/\/www.europesays.com\/lv\/wp-json\/wp\/v2\/tags?post=111388"}],"curies":[{"name":"wp","href":"https:\/\/api.w.org\/{rel}","templated":true}]}}