{"id":111436,"date":"2026-01-23T07:16:08","date_gmt":"2026-01-23T07:16:08","guid":{"rendered":"https:\/\/www.europesays.com\/lv\/111436\/"},"modified":"2026-01-23T07:16:08","modified_gmt":"2026-01-23T07:16:08","slug":"pasazieru-parvadataji-pieprasa-satiksmes-ministra-svinkas-demisiju","status":"publish","type":"post","link":"https:\/\/www.europesays.com\/lv\/111436\/","title":{"rendered":"Pasa\u017eieru p\u0101rvad\u0101t\u0101ji pieprasa satiksmes ministra \u0160vinkas demisiju"},"content":{"rendered":"<p>Asoci\u0101cij\u0101 nor\u0101da, ka <a href=\"https:\/\/www.tvnet.lv\/term\/567115\/satiksmes-ministrija\" class=\"topicLink\" target=\"_blank\" rel=\"nofollow noopener\">Satiksmes ministrija<\/a>, p\u0113rn ruden\u012b iesniedzot priek\u0161likumus \u0161\u0101 gada bud\u017eetam, medijiem atzina, ka apzin\u0101s eso\u0161o l\u012bgumu izbeig\u0161an\u0101s risku nepietiekama finans\u0113juma d\u0113\u013c, ta\u010du, t\u0101 viet\u0101, lai indeks\u0113tu eso\u0161os l\u012bgumus, kas ir l\u0113t\u0101k, tika pras\u012bts bud\u017eets jauniem l\u012bgumiem ar &#8220;tirgum atbilsto\u0161u \u0161oferu atalgojumu&#8221;. Tas, p\u0113c asoci\u0101cij\u0101 min\u0113t\u0101, pier\u0101da, ka ministrs apzin\u0101ti izv\u0113las d\u0101rg\u0101ko scen\u0101riju, pie\u013caujot eso\u0161o uz\u0146\u0113mumu maks\u0101tnesp\u0113ju.<\/p>\n<p>Nozares ieskat\u0101 kr\u012bzes risin\u0101\u0161ana ar scen\u0101riju &#8220;gaid\u012bt p\u0101rvad\u0101t\u0101ju maks\u0101tnesp\u0113ju un organiz\u0113t jaunus iepirkumus&#8221; nav saimnieciski un ekonomiski pamatota, jo jauni p\u0101rvad\u0101t\u0101ji objekt\u012bvi pras\u012bs augst\u0101ku atl\u012bdz\u012bbu, atz\u012bm\u0113 asoci\u0101cij\u0101, piebilstot, ka p\u0113d\u0113j\u0101 ATD organiz\u0113taj\u0101 iepirkum\u0101 v\u0113rojams b\u016btisks pied\u0101v\u0101t\u0101s l\u012bgumcenas pieaugums &#8211; 1,37-1,82 eiro par kilometru attiec\u012bb\u0101 pret vid\u0113jo ilgtermi\u0146a l\u012bgumcenu, kas ir apm\u0113ram 1,11 eiro par kilometru.<\/p>\n<p>&#8220;Tas noz\u012bm\u0113 miljonos m\u0113r\u0101mu papildu slogu valsts bud\u017eetam un vienlaikus pakalpojumu p\u0101rtraukuma risku re\u0123ionos. \u0160\u0101da r\u012bc\u012bba &#8211; \u013caut sabrukt eso\u0161ajai sist\u0113mai, lai t\u0101s viet\u0101 veidotu jaunu un d\u0101rg\u0101ku &#8211; atz\u012bstama k\u0101 \u013caunpr\u0101t\u012bga valsts bud\u017eeta l\u012bdzek\u013cu iz\u0161\u0137\u0113rd\u0113\u0161ana un labas p\u0101rvald\u012bbas principu p\u0101rk\u0101pums,&#8221; nor\u0101da asoci\u0101cij\u0101.<\/p>\n","protected":false},"excerpt":{"rendered":"Asoci\u0101cij\u0101 nor\u0101da, ka Satiksmes ministrija, p\u0113rn ruden\u012b iesniedzot priek\u0161likumus \u0161\u0101 gada bud\u017eetam, medijiem atzina, ka apzin\u0101s eso\u0161o l\u012bgumu&hellip;\n","protected":false},"author":2,"featured_media":111437,"comment_status":"","ping_status":"","sticky":false,"template":"","format":"standard","meta":{"footnotes":""},"categories":[12],"tags":[23,4959,1953,28,29,32,33,22,30,31,35,39,38,36,37,34,4958,40,20,5207,26,27,956,24,25,21],"class_list":{"0":"post-111436","1":"post","2":"type-post","3":"status-publish","4":"format-standard","5":"has-post-thumbnail","7":"category-latvija","8":"tag-aktualitates","9":"tag-atis-svinka","10":"tag-autotransporta-direkcija","11":"tag-breaking-news","12":"tag-breakingnews","13":"tag-featured-news","14":"tag-featurednews","15":"tag-headlines","16":"tag-latest-news","17":"tag-latestnews","18":"tag-latvia","19":"tag-latvian","20":"tag-latviesu","21":"tag-latviesu-valoda","22":"tag-latviesuvaloda","23":"tag-latvija","24":"tag-latvijas-pasazieru-parvadataju-asociacija","25":"tag-lv","26":"tag-news","27":"tag-pasazieru-parvadajumi","28":"tag-popularakas-zinas","29":"tag-popularakaszinas","30":"tag-satiksmes-ministrija","31":"tag-top-stories","32":"tag-topstories","33":"tag-zinas"},"share_on_mastodon":{"url":"https:\/\/pubeurope.com\/@lv\/115943190199127008","error":""},"_links":{"self":[{"href":"https:\/\/www.europesays.com\/lv\/wp-json\/wp\/v2\/posts\/111436","targetHints":{"allow":["GET"]}}],"collection":[{"href":"https:\/\/www.europesays.com\/lv\/wp-json\/wp\/v2\/posts"}],"about":[{"href":"https:\/\/www.europesays.com\/lv\/wp-json\/wp\/v2\/types\/post"}],"author":[{"embeddable":true,"href":"https:\/\/www.europesays.com\/lv\/wp-json\/wp\/v2\/users\/2"}],"replies":[{"embeddable":true,"href":"https:\/\/www.europesays.com\/lv\/wp-json\/wp\/v2\/comments?post=111436"}],"version-history":[{"count":0,"href":"https:\/\/www.europesays.com\/lv\/wp-json\/wp\/v2\/posts\/111436\/revisions"}],"wp:featuredmedia":[{"embeddable":true,"href":"https:\/\/www.europesays.com\/lv\/wp-json\/wp\/v2\/media\/111437"}],"wp:attachment":[{"href":"https:\/\/www.europesays.com\/lv\/wp-json\/wp\/v2\/media?parent=111436"}],"wp:term":[{"taxonomy":"category","embeddable":true,"href":"https:\/\/www.europesays.com\/lv\/wp-json\/wp\/v2\/categories?post=111436"},{"taxonomy":"post_tag","embeddable":true,"href":"https:\/\/www.europesays.com\/lv\/wp-json\/wp\/v2\/tags?post=111436"}],"curies":[{"name":"wp","href":"https:\/\/api.w.org\/{rel}","templated":true}]}}