{"id":11144,"date":"2025-10-03T06:41:07","date_gmt":"2025-10-03T06:41:07","guid":{"rendered":"https:\/\/www.europesays.com\/lv\/11144\/"},"modified":"2025-10-03T06:41:07","modified_gmt":"2025-10-03T06:41:07","slug":"vel-divi-latvijas-hokejisti-pirms-sezonas-sakuma-pamet-nhl-klubu","status":"publish","type":"post","link":"https:\/\/www.europesays.com\/lv\/11144\/","title":{"rendered":"V\u0113l divi Latvijas hokejisti pirms sezonas s\u0101kuma pamet NHL klubu"},"content":{"rendered":"<p>Bostonas &#8220;Bruins&#8221; \u0123ener\u0101lmened\u017eeris Dons Sv\u012bnijs ceturtdien pazi\u0146oja, ka \u010detri sp\u0113l\u0113t\u0101ji, tai skait\u0101 Lo\u010dmelis, pievienosies AHL klubam Providensas &#8220;Bruins&#8221;.<\/p>\n<p>Savuk\u0101rt &#8220;Penguins&#8221; ceturtdien public\u0113taj\u0101 komandas sast\u0101v\u0101 vairs nav Ansona, kur\u0161 visticam\u0101k sezonu turpin\u0101s AHL komand\u0101 Vilksb\u0101ras\/Skrentonas &#8220;Penguins&#8221;.<\/p>\n<p>Jau zi\u0146ots, ka ceturtdien uz f\u0101rmklubu AHL \u0160arlotas &#8220;Checkers&#8221; ir nos\u016bt\u012bts ar\u012b latvie\u0161u uzbruc\u0113js Sandis Vilmanis. Savuk\u0101rt iepriek\u0161 par l\u012bmeni pazemin\u0101ti tika Eduards Tralmaks (no Detroitas &#8220;Red Wings&#8221; uz Grandrepidsas &#8220;Griffins&#8221;) un Anri Ravinskis (no Vank\u016bvers &#8220;Canucks&#8221; uz Ebotsfordas &#8220;Canucks&#8221;).<\/p>\n<p>NHL klubu treni\u0146nometn\u0113s ir paliku\u0161i septi\u0146i latvie\u0161u sp\u0113l\u0113t\u0101ji &#8211; Art\u016brs \u0160ilovs (Pitsburgas &#8220;Penguins&#8221;), Elvis Merz\u013cikins (Kolumbusas &#8220;Blue Jackets&#8221;), Uvis Balinskis (Floridas &#8220;Panthers&#8221;), Teodors B\u013cugers (Vank\u016bveras &#8220;Canucks&#8221;), \u0112riks Mateiko (Va\u0161ingtonas &#8220;Capitals&#8221;), Zemgus Girgensons (Tampabejas &#8220;Lightning&#8221;) un Rodrigo \u0100bols (Filadelfijas &#8220;Flyers&#8221;).<\/p>\n<p>NHL pirmssezonas p\u0101rbaudes sp\u0113les norisin\u0101sies l\u012bdz 4.oktobrim, bet NHL pamatturn\u012brs s\u0101ksies 7.oktobr\u012b.<\/p>\n<p>Pag\u0101ju\u0161aj\u0101 sezon\u0101 otro gadu p\u0113c k\u0101rtas par Stenlija kausa ieguv\u0113jiem k\u013cuva Floridas &#8220;Panthers&#8221; ar latvie\u0161u aizsargu Uvi Balinski sast\u0101v\u0101.<\/p>\n","protected":false},"excerpt":{"rendered":"Bostonas &#8220;Bruins&#8221; \u0123ener\u0101lmened\u017eeris Dons Sv\u012bnijs ceturtdien pazi\u0146oja, ka \u010detri sp\u0113l\u0113t\u0101ji, tai skait\u0101 Lo\u010dmelis, pievienosies AHL klubam Providensas &#8220;Bruins&#8221;.&hellip;\n","protected":false},"author":2,"featured_media":11109,"comment_status":"","ping_status":"","sticky":false,"template":"","format":"standard","meta":{"footnotes":""},"categories":[17],"tags":[65,1900,1901,1898,760,1899,90,1897,35,39,38,36,37,34,40,1896,67,1895,285,21],"class_list":{"0":"post-11144","1":"post","2":"type-post","3":"status-publish","4":"format-standard","5":"has-post-thumbnail","7":"category-sports","8":"tag-auto","9":"tag-brivbridis","10":"tag-daba-un-dzivnieki","11":"tag-galerijas","12":"tag-horoskopi","13":"tag-itech","14":"tag-izklaide","15":"tag-kriminalzinas","16":"tag-latvia","17":"tag-latvian","18":"tag-latviesu","19":"tag-latviesu-valoda","20":"tag-latviesuvaloda","21":"tag-latvija","22":"tag-lv","23":"tag-sieviete","24":"tag-sports","25":"tag-tava-balss","26":"tag-zala-dzive","27":"tag-zinas"},"share_on_mastodon":{"url":"","error":""},"_links":{"self":[{"href":"https:\/\/www.europesays.com\/lv\/wp-json\/wp\/v2\/posts\/11144","targetHints":{"allow":["GET"]}}],"collection":[{"href":"https:\/\/www.europesays.com\/lv\/wp-json\/wp\/v2\/posts"}],"about":[{"href":"https:\/\/www.europesays.com\/lv\/wp-json\/wp\/v2\/types\/post"}],"author":[{"embeddable":true,"href":"https:\/\/www.europesays.com\/lv\/wp-json\/wp\/v2\/users\/2"}],"replies":[{"embeddable":true,"href":"https:\/\/www.europesays.com\/lv\/wp-json\/wp\/v2\/comments?post=11144"}],"version-history":[{"count":0,"href":"https:\/\/www.europesays.com\/lv\/wp-json\/wp\/v2\/posts\/11144\/revisions"}],"wp:featuredmedia":[{"embeddable":true,"href":"https:\/\/www.europesays.com\/lv\/wp-json\/wp\/v2\/media\/11109"}],"wp:attachment":[{"href":"https:\/\/www.europesays.com\/lv\/wp-json\/wp\/v2\/media?parent=11144"}],"wp:term":[{"taxonomy":"category","embeddable":true,"href":"https:\/\/www.europesays.com\/lv\/wp-json\/wp\/v2\/categories?post=11144"},{"taxonomy":"post_tag","embeddable":true,"href":"https:\/\/www.europesays.com\/lv\/wp-json\/wp\/v2\/tags?post=11144"}],"curies":[{"name":"wp","href":"https:\/\/api.w.org\/{rel}","templated":true}]}}