{"id":111446,"date":"2026-01-23T07:35:07","date_gmt":"2026-01-23T07:35:07","guid":{"rendered":"https:\/\/www.europesays.com\/lv\/111446\/"},"modified":"2026-01-23T07:35:07","modified_gmt":"2026-01-23T07:35:07","slug":"ostapenko-un-sji-parvar-australian-open-kartu-soreiz-bez-cinas","status":"publish","type":"post","link":"https:\/\/www.europesays.com\/lv\/111446\/","title":{"rendered":"Ostapenko un Sji p\u0101rvar &#8220;Australian Open&#8221; k\u0101rtu \u2013 \u0161oreiz bez c\u012b\u0146as"},"content":{"rendered":"<p>Ostapenko\/Sji pretinieces otraj\u0101 k\u0101rt\u0101 serbiete Olga Danilovi\u010da un Austrijas p\u0101rst\u0101ve Anastasija Potapova kort\u0101 neizg\u0101ja.<\/p>\n<p>Par astotda\u013cfinala sasnieg\u0161anu Ostapenko nopeln\u012bjusi 240 punktus WTA dubultsp\u0113\u013cu rang\u0101.<\/p>\n<p>Jau v\u0113st\u012bts, ka pirmaj\u0101 k\u0101rt\u0101 ar tre\u0161o numuru izs\u0113tais Latvijas\/Taiv\u0101nas duets ar 7-5, 6-2 p\u0101rsp\u0113ja Ol\u012bviju Gadeki no Austr\u0101lijas un amerik\u0101nieti Dezir\u0113 Krav\u010diku.<\/p>\n<p>C\u012b\u0146\u0101 par vietu ceturtda\u013cfin\u0101l\u0101 Ostapenko\/Sji pretinieces b\u016bs \u010dehiete Marija Bouzkova un Andreja Klepa\u010da no Slov\u0113nijas vai ar 13. numuru izs\u0113t\u0101s Sofija Kenina no ASV un v\u0101ciete Laura Z\u012bgemunda.<\/p>\n<p>K\u0101 jau zi\u0146ots, Ostapenko (WTA 24.) viensp\u0113l\u0113s p\u0101rvar\u0113ja pirmo k\u0101rtu, bet otraj\u0101 k\u0101rt\u0101 tr\u012bs setos piek\u0101p\u0101s Sji\u0146jui Vanai (WTA 43.) no \u0136\u012bnas.<\/p>\n<p>Ostapenko &#8220;Australian Open&#8221; piedal\u0101s 11. reizi, un lab\u0101kais vi\u0146as rezult\u0101ts viensp\u0113l\u0113s ir ceturtda\u013cfin\u0101la sasnieg\u0161ana 2023. gad\u0101. P\u0113rn vi\u0146a viensp\u0113l\u0113s izst\u0101j\u0101s pirmaj\u0101 k\u0101rt\u0101, bet dubultsp\u0113l\u0113s otro gadu p\u0113c k\u0101rtas sasniedza fin\u0101lu.<\/p>\n<p>Pag\u0101ju\u0161\u0101 gada Austr\u0101lijas atkl\u0101t\u0101 tenisa \u010dempion\u0101ta sievie\u0161u dubultsp\u0113\u013cu fin\u0101l\u0101 Ostapenko\/Sji ar 2-6, 7-6 (7:4), 3-6 piek\u0101p\u0101s \u010dehietei Kater\u017einai Sinjakovai un Teilorei Taunsendai no ASV, kuras ar pirmo numuru izs\u0113tas ar\u012b \u0161\u012b gada turn\u012br\u0101.<\/p>\n","protected":false},"excerpt":{"rendered":"Ostapenko\/Sji pretinieces otraj\u0101 k\u0101rt\u0101 serbiete Olga Danilovi\u010da un Austrijas p\u0101rst\u0101ve Anastasija Potapova kort\u0101 neizg\u0101ja. Par astotda\u013cfinala sasnieg\u0161anu Ostapenko&hellip;\n","protected":false},"author":2,"featured_media":111447,"comment_status":"","ping_status":"","sticky":false,"template":"","format":"standard","meta":{"footnotes":""},"categories":[5],"tags":[23,680,28,29,32,33,22,30,31,35,39,38,36,37,34,40,20,26,27,941,683,24,25,21],"class_list":{"0":"post-111446","1":"post","2":"type-post","3":"status-publish","4":"format-standard","5":"has-post-thumbnail","7":"category-aktualitates","8":"tag-aktualitates","9":"tag-alona-ostapenko","10":"tag-breaking-news","11":"tag-breakingnews","12":"tag-featured-news","13":"tag-featurednews","14":"tag-headlines","15":"tag-latest-news","16":"tag-latestnews","17":"tag-latvia","18":"tag-latvian","19":"tag-latviesu","20":"tag-latviesu-valoda","21":"tag-latviesuvaloda","22":"tag-latvija","23":"tag-lv","24":"tag-news","25":"tag-popularakas-zinas","26":"tag-popularakaszinas","27":"tag-sieviesu-teniss","28":"tag-teniss","29":"tag-top-stories","30":"tag-topstories","31":"tag-zinas"},"share_on_mastodon":{"url":"https:\/\/pubeurope.com\/@lv\/115943264933657297","error":""},"_links":{"self":[{"href":"https:\/\/www.europesays.com\/lv\/wp-json\/wp\/v2\/posts\/111446","targetHints":{"allow":["GET"]}}],"collection":[{"href":"https:\/\/www.europesays.com\/lv\/wp-json\/wp\/v2\/posts"}],"about":[{"href":"https:\/\/www.europesays.com\/lv\/wp-json\/wp\/v2\/types\/post"}],"author":[{"embeddable":true,"href":"https:\/\/www.europesays.com\/lv\/wp-json\/wp\/v2\/users\/2"}],"replies":[{"embeddable":true,"href":"https:\/\/www.europesays.com\/lv\/wp-json\/wp\/v2\/comments?post=111446"}],"version-history":[{"count":0,"href":"https:\/\/www.europesays.com\/lv\/wp-json\/wp\/v2\/posts\/111446\/revisions"}],"wp:featuredmedia":[{"embeddable":true,"href":"https:\/\/www.europesays.com\/lv\/wp-json\/wp\/v2\/media\/111447"}],"wp:attachment":[{"href":"https:\/\/www.europesays.com\/lv\/wp-json\/wp\/v2\/media?parent=111446"}],"wp:term":[{"taxonomy":"category","embeddable":true,"href":"https:\/\/www.europesays.com\/lv\/wp-json\/wp\/v2\/categories?post=111446"},{"taxonomy":"post_tag","embeddable":true,"href":"https:\/\/www.europesays.com\/lv\/wp-json\/wp\/v2\/tags?post=111446"}],"curies":[{"name":"wp","href":"https:\/\/api.w.org\/{rel}","templated":true}]}}