{"id":111451,"date":"2026-01-23T07:44:07","date_gmt":"2026-01-23T07:44:07","guid":{"rendered":"https:\/\/www.europesays.com\/lv\/111451\/"},"modified":"2026-01-23T07:44:07","modified_gmt":"2026-01-23T07:44:07","slug":"katrs-ceturtais-latvija-pardotais-porsche-bija-elektriskais-2025-gada-uzladets","status":"publish","type":"post","link":"https:\/\/www.europesays.com\/lv\/111451\/","title":{"rendered":"Katrs ceturtais Latvij\u0101 p\u0101rdotais Porsche bija elektriskais 2025. gad\u0101 \u2013 Uzl\u0101d\u0113ts"},"content":{"rendered":"<p>26% no 2025. gad\u0101 pirmreiz\u0113ji re\u0123istr\u0113tajiem mode\u013ciem Latvij\u0101 bija ar piln\u012bb\u0101 elektrisko piedzi\u0146u, bet 11% ar hibr\u012bda piedzi\u0146u.<\/p>\n<p>[\u0160eit ir izgriezums, kas attiecas uz elektroauto, no preses rel\u012bzes, kas piln\u0101 apm\u0113r\u0101 <a href=\"https:\/\/press.cee.porsche.com\/prod\/presse_pag\/PressResources.nsf\/Content?ReadForm&amp;languageversionid=1779873&amp;view=1\" rel=\"nofollow noopener\" target=\"_blank\">pieejama \u0161eit<\/a>]<\/p>\n<p>\u201cPorsche\u201d 2025. gad\u0101 main\u012bja savu strat\u0113\u0123isko pieeju un pie\u0146\u0113ma t\u0101lredz\u012bgus strat\u0113\u0123iskus l\u0113mumus attiec\u012bb\u0101 uz produktu pied\u0101v\u0101jumu. P\u0113rn pieg\u0101d\u0101to mode\u013cu kl\u0101sts liecina, ka sporta automobi\u013cu ra\u017eot\u0101js konsekventi rea\u0123\u0113 uz klientu v\u0113lm\u0113m pasaul\u0113, papla\u0161inot savu piedzi\u0146as sist\u0113mu strat\u0113\u0123iju, lai pied\u0101v\u0101tu automobi\u013cus ar iek\u0161dedzes dzin\u0113jiem, \u201cplug-in\u201d hibr\u012bdus un piln\u012bb\u0101 elektriskus sp\u0113kratus.<\/p>\n<p>2025. gad\u0101 34,4% no visiem \u201cPorsche\u201d pasaul\u0113 pieg\u0101d\u0101tajiem automobi\u013ciem bija elektrific\u0113ti (k\u0101pums par 7,4 procentpunktiem), no kuriem 22,2% bija piln\u012bb\u0101 elektriski un 12,1% \u2013 \u201cplug-in\u201d hibr\u012bdi. T\u0101 piln\u012bb\u0101 elektrisku automobi\u013cu \u012bpatsvars no p\u0113rn pasaul\u0113 pieg\u0101d\u0101tajiem automobi\u013ciem sasniedzis m\u0113r\u0137r\u0101d\u012bt\u0101ja aug\u0161\u0113jo robe\u017eu, kas ir 20\u201322 %.<\/p>\n<p>Eirop\u0101 pirmo reizi tika pieg\u0101d\u0101ti vair\u0101k elektrific\u0113tu automobi\u013cu nek\u0101 auto tikai ar iek\u0161dedzes dzin\u0113jiem. Elektrific\u0113tu automobi\u013cu \u012bpatsvars no kop\u0113j\u0101 pieg\u0101d\u0101to automa\u0161\u012bnu skaita veidoja 57,9%, proti, katrs tre\u0161ais sp\u0113krats bija piln\u012bb\u0101 elektrisks. \u201cPanamera\u201d un \u201cCayenne\u201d mode\u013cu ieg\u0101\u017eu r\u0101d\u012bt\u0101jos Eirop\u0101 domin\u0113 \u201cplug-in\u201d hibr\u012bdu versijas.<\/p>\n<p>No p\u0113rn pieg\u0101d\u0101tajiem \u201cMacan\u201d vair\u0101k nek\u0101 puse jeb 45 367 automa\u0161\u012bnas bija piln\u012bb\u0101 elektriskas. \u201cMacan\u201d ar iek\u0161dedzes dzin\u0113ju joproj\u0101m tiek pied\u0101v\u0101ts tirgos \u0101rpus Eiropas Savien\u012bbas, kur pieg\u0101d\u0101ts 38 961 \u0161\u0101ds automobilis. \u201cTaycan\u201d sa\u0146\u0113ma 16 339 klienti (samazin\u0101jums par 22%).<\/p>\n<p>Jaunais piln\u012bb\u0101 elektriskais \u201cCayenne\u201d savu pasaules pirmizr\u0101di svin\u0113ja novembr\u012b, un pirmajos tirgos, kas pied\u0101v\u0101 \u0161o modeli, pieg\u0101des klientiem tiks s\u0101ktas 2026. gada pavasar\u012b.\u00a0<\/p>\n<blockquote class=\"wp-block-quote is-layout-flow wp-block-quote-is-layout-flow\">\n<p>2026. gad\u0101 mums ir skaidrs m\u0113r\u0137is \u2013 m\u0113s v\u0113lamies p\u0101rvald\u012bt piepras\u012bjumu un pied\u0101v\u0101jumu saska\u0146\u0101 ar m\u016bsu strat\u0113\u0123iju, kur\u0101 galven\u0101 uzman\u012bba piev\u0113rsta v\u0113rt\u012bbai, nevis apjomam. Vienlaikus 2026. gadam prognoz\u0113jam realit\u0101tei atbilsto\u0161u p\u0101rdo\u0161anas apjomu, \u0146emot v\u0113r\u0101 \u201c718\u201d un \u201cMacan\u201d mode\u013cu ar iek\u0161dedzes dzin\u0113jiem ra\u017eo\u0161anas p\u0101rtrauk\u0161anu.<\/p>\n<p>\u201cPorsche AG\u201d par p\u0101rdo\u0161anu un m\u0101rketingu atbild\u012bgais valdes loceklis Matiass Bekers<\/p><\/blockquote>\n<p>T\u0101pat \u201cPorsche\u201d turpina invest\u0113t sav\u0101 piedzi\u0146as sist\u0113mu strat\u0113\u0123ij\u0101, kas paredz att\u012bst\u012bbu tr\u012bs virzienos, un 2026. gad\u0101 turpin\u0101s iedvesmot klientus ar unik\u0101liem sporta automobi\u013ciem. Svar\u012bga strat\u0113\u0123ijas sast\u0101vda\u013ca ir ar\u012b z\u012bmola mode\u013cu personaliz\u0101cijas iesp\u0113ju papla\u0161in\u0101\u0161ana \u2013 gan ar \u201cExclusive Manufaktur\u201d, gan \u201cSonderwunsch\u201d programmu. T\u0101d\u0113j\u0101di uz\u0146\u0113mums rea\u0123\u0113 uz arvien pieaugo\u0161o klientu v\u0113lmi p\u0113c individualiz\u0101cijas.<\/p>\n<p><a href=\"https:\/\/mistape.com\" target=\"_blank\" rel=\"nofollow noopener\" class=\"mistape-link mistape-logo\"><\/a><\/p>\n<p>Ja rakst\u0101 paman\u012bji k\u013c\u016bdu, padod mums par to zi\u0146u, iez\u012bm\u0113jot a\u010dg\u0101rno tekstu un nospie\u017eot Ctrl+Enter. Paldies!<\/p>\n<p>&#13;<br \/>\n                    0&#13;<br \/>\n                    0&#13;<br \/>\n                    balsojumi<\/p>\n<p>Raksta nov\u0113rt\u0113jums<\/p>\n<p>\t\tPost navigation<\/p>\n","protected":false},"excerpt":{"rendered":"26% no 2025. gad\u0101 pirmreiz\u0113ji re\u0123istr\u0113tajiem mode\u013ciem Latvij\u0101 bija ar piln\u012bb\u0101 elektrisko piedzi\u0146u, bet 11% ar hibr\u012bda piedzi\u0146u.&hellip;\n","protected":false},"author":2,"featured_media":97968,"comment_status":"","ping_status":"","sticky":false,"template":"","format":"standard","meta":{"footnotes":""},"categories":[16],"tags":[77,76,1220,35,39,38,36,37,34,40,8448,1221,2205,8449],"class_list":{"0":"post-111451","1":"post","2":"type-post","3":"status-publish","4":"format-standard","5":"has-post-thumbnail","7":"category-bizness","8":"tag-bizness","9":"tag-business","10":"tag-cayenne","11":"tag-latvia","12":"tag-latvian","13":"tag-latviesu","14":"tag-latviesu-valoda","15":"tag-latviesuvaloda","16":"tag-latvija","17":"tag-lv","18":"tag-macan","19":"tag-porsche","20":"tag-statistika","21":"tag-taycan"},"share_on_mastodon":{"url":"https:\/\/pubeurope.com\/@lv\/115943300299553179","error":""},"_links":{"self":[{"href":"https:\/\/www.europesays.com\/lv\/wp-json\/wp\/v2\/posts\/111451","targetHints":{"allow":["GET"]}}],"collection":[{"href":"https:\/\/www.europesays.com\/lv\/wp-json\/wp\/v2\/posts"}],"about":[{"href":"https:\/\/www.europesays.com\/lv\/wp-json\/wp\/v2\/types\/post"}],"author":[{"embeddable":true,"href":"https:\/\/www.europesays.com\/lv\/wp-json\/wp\/v2\/users\/2"}],"replies":[{"embeddable":true,"href":"https:\/\/www.europesays.com\/lv\/wp-json\/wp\/v2\/comments?post=111451"}],"version-history":[{"count":0,"href":"https:\/\/www.europesays.com\/lv\/wp-json\/wp\/v2\/posts\/111451\/revisions"}],"wp:featuredmedia":[{"embeddable":true,"href":"https:\/\/www.europesays.com\/lv\/wp-json\/wp\/v2\/media\/97968"}],"wp:attachment":[{"href":"https:\/\/www.europesays.com\/lv\/wp-json\/wp\/v2\/media?parent=111451"}],"wp:term":[{"taxonomy":"category","embeddable":true,"href":"https:\/\/www.europesays.com\/lv\/wp-json\/wp\/v2\/categories?post=111451"},{"taxonomy":"post_tag","embeddable":true,"href":"https:\/\/www.europesays.com\/lv\/wp-json\/wp\/v2\/tags?post=111451"}],"curies":[{"name":"wp","href":"https:\/\/api.w.org\/{rel}","templated":true}]}}