{"id":111453,"date":"2026-01-23T07:48:06","date_gmt":"2026-01-23T07:48:06","guid":{"rendered":"https:\/\/www.europesays.com\/lv\/111453\/"},"modified":"2026-01-23T07:48:06","modified_gmt":"2026-01-23T07:48:06","slug":"gaismu-maksliniece-apsudz-viesturu-kairisu-emocionala-vardarbiba-lente-lv","status":"publish","type":"post","link":"https:\/\/www.europesays.com\/lv\/111453\/","title":{"rendered":"gaismu m\u0101ksliniece aps\u016bdz Viesturu Kairi\u0161u emocion\u0101l\u0101 vardarb\u012bb\u0101\u00a0\u2014\u00a0Lente.lv"},"content":{"rendered":"<p>Jauns skand\u0101ls Dailes te\u0101tr\u012b: m\u0101ksliniece aps\u016bdz Viesturu Kairi\u0161u emocion\u0101l\u0101 vardarb\u012bb\u0101<\/p>\n<p>Dailes te\u0101tr\u012b izcelies jauns konflikts, kur\u0101 gaismu m\u0101ksliniece J\u016blija Bondarenko publiski aps\u016bdz te\u0101tra m\u0101ksliskais direktoru Viesturu Kairi\u0161u par emocion\u0101lu vardarb\u012bbu un pazemo\u0161anu. K\u0101 zi\u0146o Latvijas Av\u012bze, Bondarenko, v\u0113r\u0161oties pie Kult\u016bras ministrijas, pieprasa ofici\u0101lu atvaino\u0161anos no Kairi\u0161a.<\/p>\n<p>Incidents, p\u0113c Bondarenko teikt\u0101, noticis decembra vid\u016b, Ziemassv\u0113tku koncerta &#8220;P\u0113k\u0161\u0146i gaism\u0101&#8221; \u0123ener\u0101lm\u0113\u0123in\u0101juma laik\u0101. M\u0101ksliniece, kura pie koncerta veido\u0161anas str\u0101d\u0101jusi kop\u0161 oktobra, nor\u0101da, ka l\u012bdz pat \u0123ener\u0101lm\u0113\u0123in\u0101jumam neviens pret vi\u0146as darbu nav izteicis iebildumus.<\/p>\n<p>Viestura Kairi\u0161a publisk\u0101 kritika un t\u0101s sekas<\/p>\n<p>Saska\u0146\u0101 ar Bondarenko st\u0101st\u012bjumu, \u0123ener\u0101lm\u0113\u0123in\u0101juma laik\u0101 Viesturs Kairi\u0161s, kl\u0101tesot visai rado\u0161ajai grupai, publiski kritiz\u0113jis vi\u0146as darbu, nor\u0101dot, ka tas neatbilst Dailes te\u0101tra standartiem un ir veidots &#8220;cringe&#8221; est\u0113tik\u0101. &#8220;Vi\u0146\u0161 teica, ka tas neatbilst Dailes te\u0101tra standartiem, ka to nav iesp\u0113jams labot un ka tas veidots \u201ccringe\u201d est\u0113tik\u0101,\u201d notiku\u0161o atkl\u0101j m\u0101ksliniece . Vi\u0146a pau\u017e, ka bijusi \u0161ok\u0113ta nevis par pa\u0161u kritiku, bet par t\u0101s pasnieg\u0161anas veidu un publisko raksturu . Bondarenko, kura nozar\u0113 str\u0101d\u0101 jau 16 gadus, uzskata, ka \u0161\u0101da attieksme rado\u0161aj\u0101 vid\u0113 nedr\u012bkst k\u013c\u016bt par normu .<\/p>\n<p>P\u0113c \u0123ener\u0101lm\u0113\u0123in\u0101juma J\u016blijas Bondarenko darbu uztic\u0113ts citam gaismu m\u0101ksliniekam, Nikam Ciprusam .<\/p>\n<p>Kairi\u0161a un Bondarenko viedok\u013ci at\u0161\u0137iras<\/p>\n<p>Viesturs Kairi\u0161s, koment\u0113jot notiku\u0161o raid\u012bjumam &#8220;Kult\u016br\u0161oks&#8221;, skaidro, ka l\u0113mums nomain\u012bt m\u0101kslinieci bijis profesion\u0101ls un nepiecie\u0161ams, jo koncerts bija gaid\u0101ms jau n\u0101kamaj\u0101 dien\u0101 un bi\u013cetes bija izp\u0101rdotas . Vi\u0146\u0161 uzsver, ka r\u012bkojies &#8220;\u0137irur\u0123iski&#8221;, lai gl\u0101btu situ\u0101ciju, un noliedz, ka b\u016btu aizsk\u0101ris m\u0101kslinieci personiski . Kairi\u0161s gan atz\u012bst, ka darba kvalit\u0101te bijusi nepie\u0146emama un vi\u0146am n\u0101c\u0101s \u0161o l\u0113mumu prezent\u0113t komandai publiski . Vi\u0146\u0161 ar\u012b nor\u0101da, ka Bondarenko nepaz\u012bst person\u012bgi .<\/p>\n<p>Savuk\u0101rt Bondarenko uzsver, ka \u0161\u0101da publiska pazemo\u0161ana ietekm\u0113 profesion\u0101lo pa\u0161apzi\u0146u un nor\u0101da uz nevienl\u012bdz\u012bgu varas poz\u012bciju . Vi\u0146a uzskata, ka ir svar\u012bgi, lai rado\u0161aj\u0101 vid\u0113 tiktu iev\u0113rota cie\u0146pilna attieksme pret visiem procesa dal\u012bbniekiem.<\/p>\n<p>Kult\u016bras ministrijas un nozares reakcija<\/p>\n<p>Par notiku\u0161o J\u016blija Bondarenko ir iesniegusi s\u016bdz\u012bbu Kult\u016bras ministrij\u0101 . Ministrija ir sa\u0146\u0113musi iesniegumu un pa\u0161laik izv\u0113rt\u0113 situ\u0101ciju, gaidot papildu inform\u0101ciju no Dailes te\u0101tra . T\u0101p\u0113c t\u0101l\u0101ka virz\u012bba liet\u0101 v\u0113l nav skaidra .<\/p>\n<p>Latvijas Te\u0101tra darbinieku savien\u012bbas valdes priek\u0161s\u0113d\u0113t\u0101js Oj\u0101rs Rubenis situ\u0101ciju raksturo k\u0101 &#8220;\u013coti slidenu&#8221;, uzsverot, ka jaut\u0101jums par pazemo\u0161anu rado\u0161\u0101 procesa sare\u017e\u0123\u012bjumos ir j\u016bt\u012bgs . \u0160is gad\u012bjums aktualiz\u0113 pla\u0161\u0101ku diskusiju par komunik\u0101cijas kult\u016bru un \u0113tiku te\u0101tru aizkulis\u0113s, uzsverot cie\u0146pilnas attieksmes noz\u012bmi pret visiem rado\u0161\u0101 procesa dal\u012bbniekiem . Eksperti atz\u012bst, ka rado\u0161ajos procesos konflikti ir neizb\u0113gami, \u012bpa\u0161i laika spiediena apst\u0101k\u013cos, ta\u010du autorit\u0101te un pras\u012bba p\u0113c kvalit\u0101tes neatce\u013c cie\u0146as un profesion\u0101l\u0101s \u0113tikas iev\u0113ro\u0161anu.<\/p>\n","protected":false},"excerpt":{"rendered":"Jauns skand\u0101ls Dailes te\u0101tr\u012b: m\u0101ksliniece aps\u016bdz Viesturu Kairi\u0161u emocion\u0101l\u0101 vardarb\u012bb\u0101 Dailes te\u0101tr\u012b izcelies jauns konflikts, kur\u0101 gaismu m\u0101ksliniece&hellip;\n","protected":false},"author":2,"featured_media":111454,"comment_status":"","ping_status":"","sticky":false,"template":"","format":"standard","meta":{"footnotes":""},"categories":[19],"tags":[454,7102,89,90,25538,1813,35,39,38,36,37,34,40,11571],"class_list":{"0":"post-111453","1":"post","2":"type-post","3":"status-publish","4":"format-standard","5":"has-post-thumbnail","7":"category-izklaide","8":"tag-dailes-teatris","9":"tag-emocionala-vardarbiba","10":"tag-entertainment","11":"tag-izklaide","12":"tag-julija-bondarenko","13":"tag-kulturas-ministrija","14":"tag-latvia","15":"tag-latvian","16":"tag-latviesu","17":"tag-latviesu-valoda","18":"tag-latviesuvaloda","19":"tag-latvija","20":"tag-lv","21":"tag-viesturs-kairiss"},"share_on_mastodon":{"url":"https:\/\/pubeurope.com\/@lv\/115943316068354134","error":""},"_links":{"self":[{"href":"https:\/\/www.europesays.com\/lv\/wp-json\/wp\/v2\/posts\/111453","targetHints":{"allow":["GET"]}}],"collection":[{"href":"https:\/\/www.europesays.com\/lv\/wp-json\/wp\/v2\/posts"}],"about":[{"href":"https:\/\/www.europesays.com\/lv\/wp-json\/wp\/v2\/types\/post"}],"author":[{"embeddable":true,"href":"https:\/\/www.europesays.com\/lv\/wp-json\/wp\/v2\/users\/2"}],"replies":[{"embeddable":true,"href":"https:\/\/www.europesays.com\/lv\/wp-json\/wp\/v2\/comments?post=111453"}],"version-history":[{"count":0,"href":"https:\/\/www.europesays.com\/lv\/wp-json\/wp\/v2\/posts\/111453\/revisions"}],"wp:featuredmedia":[{"embeddable":true,"href":"https:\/\/www.europesays.com\/lv\/wp-json\/wp\/v2\/media\/111454"}],"wp:attachment":[{"href":"https:\/\/www.europesays.com\/lv\/wp-json\/wp\/v2\/media?parent=111453"}],"wp:term":[{"taxonomy":"category","embeddable":true,"href":"https:\/\/www.europesays.com\/lv\/wp-json\/wp\/v2\/categories?post=111453"},{"taxonomy":"post_tag","embeddable":true,"href":"https:\/\/www.europesays.com\/lv\/wp-json\/wp\/v2\/tags?post=111453"}],"curies":[{"name":"wp","href":"https:\/\/api.w.org\/{rel}","templated":true}]}}