{"id":111455,"date":"2026-01-23T07:50:13","date_gmt":"2026-01-23T07:50:13","guid":{"rendered":"https:\/\/www.europesays.com\/lv\/111455\/"},"modified":"2026-01-23T07:50:13","modified_gmt":"2026-01-23T07:50:13","slug":"kinas-varasiestades-veic-plasu-izmeklesanu-temu-ipasnieka-pdd-holdings-birojos-lente-lv-3","status":"publish","type":"post","link":"https:\/\/www.europesays.com\/lv\/111455\/","title":{"rendered":"\u0136\u012bnas varasiest\u0101des veic pla\u0161u izmekl\u0113\u0161anu &#8220;Temu&#8221; \u012bpa\u0161nieka &#8220;PDD Holdings&#8221; birojos\u00a0\u2014\u00a0Lente.lv"},"content":{"rendered":"<p>\u0136\u012bnas varasiest\u0101des pastiprina uzraudz\u012bbu p\u0101r &#8220;PDD Holdings&#8221;<\/p>\n<p>\u0136\u012bnas varasiest\u0101des ir papla\u0161in\u0101ju\u0161as izmekl\u0113\u0161anu pret e-komercijas gigantu &#8220;PDD Holdings&#8221;, kas ir iepirk\u0161an\u0101s platformu &#8220;Temu&#8221; un &#8220;Pinduoduo&#8221; m\u0101tesuz\u0146\u0113mums. \u0160\u012b izmekl\u0113\u0161ana seko p\u0113c nesen\u0101s fiziskas sadursmes starp uz\u0146\u0113muma darbiniekiem un regulatoriem &#8220;PDD Holdings&#8221; galvenaj\u0101 m\u012btnes \u0113k\u0101 \u0160anhaj\u0101. \u0160aj\u0101 proces\u0101 iesaist\u012bti vair\u0101k nek\u0101 100 izmekl\u0113t\u0101ju no da\u017e\u0101d\u0101m a\u0123ent\u016br\u0101m, tostarp Valsts tirgus regul\u0113\u0161anas p\u0101rvaldes (SAMR) un Valsts nodok\u013cu administr\u0101cijas (STA), kuri veic padzi\u013cin\u0101tas p\u0101rbaudes uz vietas.<\/p>\n<p>Izmekl\u0113\u0161ana, kas tika aizs\u0101kta decembr\u012b, cita starp\u0101 skar aizdomas par kr\u0101pniecisk\u0101m pieg\u0101d\u0113m un nodok\u013cu jaut\u0101jumiem. \u0160is pastiprin\u0101tais regulators uzraudz\u012bbas spiediens ir izrais\u012bjis iev\u0113rojamu satraukumu investoru vid\u016b, k\u0101 rezult\u0101t\u0101 &#8220;PDD Holdings&#8221; akciju v\u0113rt\u012bba ir samazin\u0101jusies.<\/p>\n<p>Nodok\u013cu p\u0101rk\u0101pumi un naudas sods<\/p>\n<p>Neskatoties uz pla\u0161\u0101ko izmekl\u0113\u0161anu, \u0136\u012bnas nodok\u013cu iest\u0101des ir piem\u0113roju\u0161as &#8220;PDD Holdings&#8221; meitasuz\u0146\u0113mumam &#8220;Shanghai Xunmeng Information Technology&#8221; naudas sodu 100 000 jua\u0146u (aptuveni 14 400 ASV dol\u0101ru) apm\u0113r\u0101. Sods tika pie\u0161\u0137irts par nenor\u0101d\u012btu nodok\u013cu inform\u0101ciju par 2025. gada tre\u0161o ceturksni, ko uz\u0146\u0113mums nav iesniedzis, ignor\u0113jot vair\u0101kus pazi\u0146ojumus. P\u0113c jaun\u0101kajiem noteikumiem, kas st\u0101j\u0101s sp\u0113k\u0101 oktobr\u012b, tie\u0161saistes platform\u0101m ir oblig\u0101ti ik ceturksni j\u0101zi\u0146o par ie\u0146\u0113mumiem, atmaks\u0101m, rekl\u0101mas ien\u0101kumiem un bankas datiem, lai nov\u0113rstu nodok\u013cu apie\u0161anu.<\/p>\n<p>Sadursmes ar regulatoriem un sekas<\/p>\n<p>S\u0101kotn\u0113jais konflikts starp &#8220;PDD Holdings&#8221; darbiniekiem un regulatoriem, kas ietv\u0113ra fizisku sadursmi, ir bijis viens no galvenajiem faktoriem, kas izrais\u012bjis pastiprin\u0101to varas iest\u0101\u017eu uzman\u012bbu. \u0160\u012b incidenta rezult\u0101t\u0101 uz\u0146\u0113mums ir veicis desmitiem darbinieku atlai\u0161anu, cen\u0161oties mazin\u0101t sekas. Izmekl\u0113\u0161ana jau ir ietekm\u0113jusi m\u0101rketinga kampa\u0146as un aizkav\u0113jusi projektus, radot potenci\u0101lu trauc\u0113jumu biznesa aktivit\u0101t\u0113m un satraucot investorus.<\/p>\n<p>Starptautiska interese un juridisk\u0101s sekas<\/p>\n<p>\u0160\u012b situ\u0113cija ir piesaist\u012bjusi uzman\u012bbu ar\u012b \u0101rpus \u0136\u012bnas. &#8220;Temu&#8221; birojs Turcij\u0101 nesen tika apmekl\u0113ts viet\u0113jo konkurences regulatoru, un ar\u012b uz\u0146\u0113muma Eiropas galven\u0101 m\u012btne Dublin\u0101, \u012arij\u0101, tika apmekl\u0113ta iepriek\u0161\u0113j\u0101 m\u0113nes\u012b. Da\u017ei juridisko pakalpojumu sniedz\u0113ji, piem\u0113ram, &#8220;Block &amp; Leviton&#8221;, jau ir uzs\u0101ku\u0161i izmekl\u0113\u0161anu par iesp\u0113jamiem v\u0113rtspap\u012bru likumu p\u0101rk\u0101pumiem, aicinot investorus, kas ir cietu\u0161i zaud\u0113jumus, sazin\u0101ties, lai izp\u0113t\u012btu iesp\u0113jas atg\u016bt zaud\u0113jumus.<\/p>\n<p>PDD Holdings konteksts un n\u0101kotnes perspekt\u012bvas<\/p>\n<p>&#8220;PDD Holdings&#8221;, kas dibin\u0101ts 2015. gad\u0101, ir k\u013cuvis par vienu no vado\u0161ajiem e-komercijas sp\u0113l\u0113t\u0101jiem \u0136\u012bn\u0101, \u012bpa\u0161i paz\u012bstams ar zemo cenu pied\u0101v\u0101jumu, kas konkur\u0113 ar t\u0101diem gigantiem k\u0101 &#8220;Amazon&#8221;. Tom\u0113r uz\u0146\u0113mums saskaras ar gr\u016bt\u012bb\u0101m, tostarp pal\u0113nin\u0101tu izaugsmi \u0136\u012bnas tirg\u016b un pastiprin\u0101tu konkurenci no &#8220;Alibaba&#8221; un &#8220;JD.com&#8221;. Pa\u0161reiz\u0113j\u0101 regulat\u012bv\u0101 uzraudz\u012bba un izmekl\u0113\u0161ana rada papildu spiedienu uz uz\u0146\u0113mumu, liekot tam p\u0101rskat\u012bt savas strat\u0113\u0123ijas un nodro\u0161in\u0101t atbilst\u012bbu arvien stingr\u0101kiem noteikumiem.<\/p>\n","protected":false},"excerpt":{"rendered":"\u0136\u012bnas varasiest\u0101des pastiprina uzraudz\u012bbu p\u0101r &#8220;PDD Holdings&#8221; \u0136\u012bnas varasiest\u0101des ir papla\u0161in\u0101ju\u0161as izmekl\u0113\u0161anu pret e-komercijas gigantu &#8220;PDD Holdings&#8221;, kas&hellip;\n","protected":false},"author":2,"featured_media":110756,"comment_status":"","ping_status":"","sticky":false,"template":"","format":"standard","meta":{"footnotes":""},"categories":[16],"tags":[77,76,4270,4213,35,39,38,36,37,34,40,756,26093,6045],"class_list":{"0":"post-111455","1":"post","2":"type-post","3":"status-publish","4":"format-standard","5":"has-post-thumbnail","7":"category-bizness","8":"tag-bizness","9":"tag-business","10":"tag-izmeklesana","11":"tag-kina","12":"tag-latvia","13":"tag-latvian","14":"tag-latviesu","15":"tag-latviesu-valoda","16":"tag-latviesuvaloda","17":"tag-latvija","18":"tag-lv","19":"tag-nodokli","20":"tag-pdd-holdings","21":"tag-temu"},"share_on_mastodon":{"url":"https:\/\/pubeurope.com\/@lv\/115943323936248725","error":""},"_links":{"self":[{"href":"https:\/\/www.europesays.com\/lv\/wp-json\/wp\/v2\/posts\/111455","targetHints":{"allow":["GET"]}}],"collection":[{"href":"https:\/\/www.europesays.com\/lv\/wp-json\/wp\/v2\/posts"}],"about":[{"href":"https:\/\/www.europesays.com\/lv\/wp-json\/wp\/v2\/types\/post"}],"author":[{"embeddable":true,"href":"https:\/\/www.europesays.com\/lv\/wp-json\/wp\/v2\/users\/2"}],"replies":[{"embeddable":true,"href":"https:\/\/www.europesays.com\/lv\/wp-json\/wp\/v2\/comments?post=111455"}],"version-history":[{"count":0,"href":"https:\/\/www.europesays.com\/lv\/wp-json\/wp\/v2\/posts\/111455\/revisions"}],"wp:featuredmedia":[{"embeddable":true,"href":"https:\/\/www.europesays.com\/lv\/wp-json\/wp\/v2\/media\/110756"}],"wp:attachment":[{"href":"https:\/\/www.europesays.com\/lv\/wp-json\/wp\/v2\/media?parent=111455"}],"wp:term":[{"taxonomy":"category","embeddable":true,"href":"https:\/\/www.europesays.com\/lv\/wp-json\/wp\/v2\/categories?post=111455"},{"taxonomy":"post_tag","embeddable":true,"href":"https:\/\/www.europesays.com\/lv\/wp-json\/wp\/v2\/tags?post=111455"}],"curies":[{"name":"wp","href":"https:\/\/api.w.org\/{rel}","templated":true}]}}