{"id":111540,"date":"2026-01-23T08:58:09","date_gmt":"2026-01-23T08:58:09","guid":{"rendered":"https:\/\/www.europesays.com\/lv\/111540\/"},"modified":"2026-01-23T08:58:09","modified_gmt":"2026-01-23T08:58:09","slug":"mirusa-viriesa-radinieks-atklaj-skarbas-aizkulises","status":"publish","type":"post","link":"https:\/\/www.europesays.com\/lv\/111540\/","title":{"rendered":"miru\u0161\u0101 v\u012brie\u0161a radinieks atkl\u0101j skarbas aizkulises"},"content":{"rendered":"<p>Gl\u0101b\u0113ji ierad\u0101s, cik \u0101tri sp\u0113ja. Divi cilv\u0113ki paguva evaku\u0113ties pa\u0161u sp\u0113kiem, un vienu cietu\u0161o izgl\u0101ba ugunsdz\u0113s\u0113ji.<\/p>\n<p>Viet\u0113jais iedz\u012bvot\u0101js Imants, kuram liesm\u0101s boj\u0101 g\u0101ju\u0161ais bija ne tikai kaimi\u0146\u0161, bet ar\u012b laul\u0101t\u0101s draudzenes br\u0101lis, atkl\u0101j, ka v\u012brietis bijis alkoholi\u0137is.<\/p>\n<p>&#8220;Saki vai nesaki \u2013 nekad vi\u0146\u0161 to ne\u0146em v\u0113r\u0101. Var ta\u010du iedzert norm\u0101li. Bet tur bija t\u0101, ka s\u0101k dzert l\u012bdz br\u012bdim, kad paliek bez sama\u0146as. Kam\u0113r ir, tikm\u0113r dzer.&#8221;<\/p>\n<p>Liesmu nopost\u012btais nams pieder Kuld\u012bgas pa\u0161vald\u012bbai. Miru\u0161ais v\u012brietis un citi t\u0101 iem\u012btnieki dz\u012bvoja soci\u0101lajos dz\u012bvok\u013cos.<\/p>\n<p>Pla\u0161\u0101k skatieties si\u017eet\u0101.<\/p>\n","protected":false},"excerpt":{"rendered":"Gl\u0101b\u0113ji ierad\u0101s, cik \u0101tri sp\u0113ja. Divi cilv\u0113ki paguva evaku\u0113ties pa\u0161u sp\u0113kiem, un vienu cietu\u0161o izgl\u0101ba ugunsdz\u0113s\u0113ji. Viet\u0113jais iedz\u012bvot\u0101js&hellip;\n","protected":false},"author":2,"featured_media":111541,"comment_status":"","ping_status":"","sticky":false,"template":"","format":"standard","meta":{"footnotes":""},"categories":[12],"tags":[23,28,29,32,33,22,30,31,35,39,38,36,37,34,40,68,20,26,27,24,25,377,21],"class_list":{"0":"post-111540","1":"post","2":"type-post","3":"status-publish","4":"format-standard","5":"has-post-thumbnail","7":"category-latvija","8":"tag-aktualitates","9":"tag-breaking-news","10":"tag-breakingnews","11":"tag-featured-news","12":"tag-featurednews","13":"tag-headlines","14":"tag-latest-news","15":"tag-latestnews","16":"tag-latvia","17":"tag-latvian","18":"tag-latviesu","19":"tag-latviesu-valoda","20":"tag-latviesuvaloda","21":"tag-latvija","22":"tag-lv","23":"tag-maja","24":"tag-news","25":"tag-popularakas-zinas","26":"tag-popularakaszinas","27":"tag-top-stories","28":"tag-topstories","29":"tag-ugunsgreks","30":"tag-zinas"},"share_on_mastodon":{"url":"https:\/\/pubeurope.com\/@lv\/115943591337910862","error":""},"_links":{"self":[{"href":"https:\/\/www.europesays.com\/lv\/wp-json\/wp\/v2\/posts\/111540","targetHints":{"allow":["GET"]}}],"collection":[{"href":"https:\/\/www.europesays.com\/lv\/wp-json\/wp\/v2\/posts"}],"about":[{"href":"https:\/\/www.europesays.com\/lv\/wp-json\/wp\/v2\/types\/post"}],"author":[{"embeddable":true,"href":"https:\/\/www.europesays.com\/lv\/wp-json\/wp\/v2\/users\/2"}],"replies":[{"embeddable":true,"href":"https:\/\/www.europesays.com\/lv\/wp-json\/wp\/v2\/comments?post=111540"}],"version-history":[{"count":0,"href":"https:\/\/www.europesays.com\/lv\/wp-json\/wp\/v2\/posts\/111540\/revisions"}],"wp:featuredmedia":[{"embeddable":true,"href":"https:\/\/www.europesays.com\/lv\/wp-json\/wp\/v2\/media\/111541"}],"wp:attachment":[{"href":"https:\/\/www.europesays.com\/lv\/wp-json\/wp\/v2\/media?parent=111540"}],"wp:term":[{"taxonomy":"category","embeddable":true,"href":"https:\/\/www.europesays.com\/lv\/wp-json\/wp\/v2\/categories?post=111540"},{"taxonomy":"post_tag","embeddable":true,"href":"https:\/\/www.europesays.com\/lv\/wp-json\/wp\/v2\/tags?post=111540"}],"curies":[{"name":"wp","href":"https:\/\/api.w.org\/{rel}","templated":true}]}}