{"id":111549,"date":"2026-01-23T09:04:17","date_gmt":"2026-01-23T09:04:17","guid":{"rendered":"https:\/\/www.europesays.com\/lv\/111549\/"},"modified":"2026-01-23T09:04:17","modified_gmt":"2026-01-23T09:04:17","slug":"sakta-baltijas-valstu-kopiga-revizija-par-rail-baltica-projekta-istenosanu-dienas-bizness","status":"publish","type":"post","link":"https:\/\/www.europesays.com\/lv\/111549\/","title":{"rendered":"S\u0101kta Baltijas valstu kop\u012bga rev\u012bzija par Rail Baltica projekta \u012bsteno\u0161anu :: Dienas Bizness"},"content":{"rendered":"<p class=\"text-font font-size--text-xlarge margin-3--bottom font-weight--bold padding-1--top\">Valsts kontrole kop\u0101 ar Igaunijas un Lietuvas augst\u0101kaj\u0101m rev\u012bzijas iest\u0101d\u0113m ir uzs\u0101kusi kop\u012bgu lietder\u012bbas rev\u012bziju par Rail Baltica projekta \u012bsteno\u0161anu, lai izv\u0113rt\u0113tu, vai projekts tiek \u012bstenots lietder\u012bgi, nodro\u0161inot savlaic\u012bgu m\u0113r\u0137u sasnieg\u0161anu.<\/p>\n<p class=\"text-font font-size--text-xlarge margin-3--bottom\">\u0160aj\u0101 rev\u012bzij\u0101 uzman\u012bba tiks piev\u0113rsta b\u016bvniec\u012bbas iepirkumu un l\u012bgumu p\u0101rvald\u012bbai, lai nodro\u0161in\u0101tu to izmaksu efektivit\u0101ti. Rev\u012bzijas rezult\u0101ti sagaid\u0101mi 2027. gada s\u0101kum\u0101.<\/p>\n<p class=\"text-font font-size--text-xlarge margin-3--bottom\">\u201cRail Baltica ir viens no noz\u012bm\u012bg\u0101kajiem infrastrukt\u016bras projektiem Baltijas re\u0123ion\u0101, kura \u012bsteno\u0161ana l\u012bdz \u0161im ir bijusi sare\u017e\u0123\u012bta un saist\u012bta ar b\u016btiskiem izaicin\u0101jumiem gan izmaksu, gan termi\u0146u, gan p\u0101rvald\u012bbas jom\u0101. Tie\u0161i t\u0101d\u0113\u013c \u0161aj\u0101 rev\u012bzij\u0101, jau tre\u0161o reizi sadarbojoties ar Igaunijas un Lietuvas augst\u0101kaj\u0101m rev\u012bzijas iest\u0101d\u0113m, v\u0113lamies sniegt neatkar\u012bgu izv\u0113rt\u0113jumu par to, vai projekts virz\u0101s uz saviem m\u0113r\u0137iem efekt\u012bv\u0101 un sabiedr\u012bbas interes\u0113m atbilsto\u0161\u0101 veid\u0101, k\u0101 ar\u012b vai tiek risin\u0101tas iepriek\u0161 konstat\u0113t\u0101s probl\u0113mas,\u201d uzsver Valsts kontroles padomes loceklis M\u0101rti\u0146\u0161 \u0100boli\u0146\u0161.<\/p>\n<p class=\"text-font font-size--text-xlarge margin-3--bottom\">Rev\u012bzij\u0101 galven\u0101 uzman\u012bba tiks piev\u0113rsta tam, vai Rail Baltica projekta pirm\u0101 posma b\u016bvniec\u012bbas iepirkumi un nosl\u0113gtie l\u012bgumi tiek organiz\u0113ti efekt\u012bvi, k\u0101 ar\u012b vai tiek pien\u0101c\u012bgi vad\u012bti ar to \u012bsteno\u0161anu saist\u012btie riski. T\u0101pat tiks analiz\u0113ts, vai projekta pirm\u0101 posma finans\u0113jums ir pien\u0101c\u012bgi nodro\u0161in\u0101ts un vai tiek risin\u0101tas probl\u0113mas, kas konstat\u0113tas kop\u012bgi veiktaj\u0101 2019. gada rev\u012bzij\u0101 un 2024. gad\u0101 veiktaj\u0101 apvienotaj\u0101 situ\u0101cijas izp\u0113t\u0113.<\/p>\n<p class=\"text-font font-size--text-xlarge margin-3--bottom\">Rev\u012bzijas ietvaros tiks revid\u0113ta AS \u201cRB Rail\u201d k\u0101 kop\u012bgais Rail Baltica projekta ievies\u0113js, bet nacion\u0101l\u0101 l\u012bmen\u012b Latvij\u0101 \u2013 Satiksmes ministrija, Finan\u0161u ministrija, SIA \u201cEIROPAS DZELZCE\u013bA L\u012aNIJAS\u201d un VAS \u201cLatvijas dzelzce\u013c\u0161\u201d. Rev\u012bzija aptvers laika posmu no 2022. gada l\u012bdz 2026. gada vidum.<\/p>\n<p class=\"text-font font-size--text-xlarge margin-3--bottom\">Papildu inform\u0101cijai par Rail Baltica projekta \u012bsteno\u0161anu pieejami \u0161\u0101di l\u012bdz\u0161in\u0113jie zi\u0146ojumi:<\/p>\n<p class=\"text-font font-size--text-xlarge margin-3--bottom\">1. Vai eso\u0161ais iepirkumu p\u0101rvald\u012bbas un l\u012bgumsl\u0113g\u0161anas modelis sp\u0113j nodro\u0161in\u0101t ekonomisku un efekt\u012bvu Rail Baltica projekta ievie\u0161anu?<\/p>\n<p class=\"text-font font-size--text-xlarge margin-3--bottom\">2. Vai Latvij\u0101 tiek \u012bstenota efekt\u012bva Rail Baltica projekta p\u0101rvald\u012bba?<\/p>\n<p class=\"text-font font-size--text-xlarge margin-3--bottom\">3. Rail Baltica projekta situ\u0101cijas izp\u0113te<\/p>\n","protected":false},"excerpt":{"rendered":"Valsts kontrole kop\u0101 ar Igaunijas un Lietuvas augst\u0101kaj\u0101m rev\u012bzijas iest\u0101d\u0113m ir uzs\u0101kusi kop\u012bgu lietder\u012bbas rev\u012bziju par Rail Baltica&hellip;\n","protected":false},"author":2,"featured_media":111550,"comment_status":"","ping_status":"","sticky":false,"template":"","format":"standard","meta":{"footnotes":""},"categories":[12],"tags":[23,869,77,870,28,29,867,32,33,22,30,31,35,39,38,36,37,34,871,868,40,20,26,27,24,25,21],"class_list":{"0":"post-111549","1":"post","2":"type-post","3":"status-publish","4":"format-standard","5":"has-post-thumbnail","7":"category-latvija","8":"tag-aktualitates","9":"tag-biznesa-zinas","10":"tag-bizness","11":"tag-bizness-latvija","12":"tag-breaking-news","13":"tag-breakingnews","14":"tag-dienas-zinas","15":"tag-featured-news","16":"tag-featurednews","17":"tag-headlines","18":"tag-latest-news","19":"tag-latestnews","20":"tag-latvia","21":"tag-latvian","22":"tag-latviesu","23":"tag-latviesu-valoda","24":"tag-latviesuvaloda","25":"tag-latvija","26":"tag-latvijas-biznesa-zinas","27":"tag-latvijas-zinas","28":"tag-lv","29":"tag-news","30":"tag-popularakas-zinas","31":"tag-popularakaszinas","32":"tag-top-stories","33":"tag-topstories","34":"tag-zinas"},"share_on_mastodon":{"url":"https:\/\/pubeurope.com\/@lv\/115943615242224880","error":""},"_links":{"self":[{"href":"https:\/\/www.europesays.com\/lv\/wp-json\/wp\/v2\/posts\/111549","targetHints":{"allow":["GET"]}}],"collection":[{"href":"https:\/\/www.europesays.com\/lv\/wp-json\/wp\/v2\/posts"}],"about":[{"href":"https:\/\/www.europesays.com\/lv\/wp-json\/wp\/v2\/types\/post"}],"author":[{"embeddable":true,"href":"https:\/\/www.europesays.com\/lv\/wp-json\/wp\/v2\/users\/2"}],"replies":[{"embeddable":true,"href":"https:\/\/www.europesays.com\/lv\/wp-json\/wp\/v2\/comments?post=111549"}],"version-history":[{"count":0,"href":"https:\/\/www.europesays.com\/lv\/wp-json\/wp\/v2\/posts\/111549\/revisions"}],"wp:featuredmedia":[{"embeddable":true,"href":"https:\/\/www.europesays.com\/lv\/wp-json\/wp\/v2\/media\/111550"}],"wp:attachment":[{"href":"https:\/\/www.europesays.com\/lv\/wp-json\/wp\/v2\/media?parent=111549"}],"wp:term":[{"taxonomy":"category","embeddable":true,"href":"https:\/\/www.europesays.com\/lv\/wp-json\/wp\/v2\/categories?post=111549"},{"taxonomy":"post_tag","embeddable":true,"href":"https:\/\/www.europesays.com\/lv\/wp-json\/wp\/v2\/tags?post=111549"}],"curies":[{"name":"wp","href":"https:\/\/api.w.org\/{rel}","templated":true}]}}