{"id":111565,"date":"2026-01-23T09:17:12","date_gmt":"2026-01-23T09:17:12","guid":{"rendered":"https:\/\/www.europesays.com\/lv\/111565\/"},"modified":"2026-01-23T09:17:12","modified_gmt":"2026-01-23T09:17:12","slug":"laimona-daga-nezeligo-noziegumu-joprojam-labi-atceras-saldus-policijas-darbinieki-vai-vins-varetu-mainities","status":"publish","type":"post","link":"https:\/\/www.europesays.com\/lv\/111565\/","title":{"rendered":"Laimona Da\u0123a ne\u017e\u0113l\u012bgo noziegumu joproj\u0101m labi atceras Saldus policijas darbinieki; vai vi\u0146\u0161 var\u0113tu main\u012bties?"},"content":{"rendered":"<p>Saldus policijas biju\u0161ie prokurori un izmekl\u0113t\u0101ji Laimona Da\u0123a ne\u017e\u0113l\u012bgi pastr\u0101d\u0101to slepkav\u012bbu devi\u0146desmito gadu beig\u0101s spilgti atceras joproj\u0101m. Gan t\u0101p\u0113c, ka t\u0101 tika pastr\u0101d\u0101ta ar \u012bpa\u0161u cinismu, gan t\u0101p\u0113c, ka Da\u0123is toreiz atzin\u0101s v\u0113l k\u0101d\u0101 \u0161ausmino\u0161\u0101 noziegum\u0101 \u2013 mazas meiten\u012btes nolaup\u012b\u0161anas liet\u0101, kuras v\u0101rdu \u0113tisku apsv\u0113rumu d\u0113\u013c \u0161eit nemin\u0113sim. P\u0113d\u0113jais gan neapstiprin\u0101j\u0101s. Da\u0123is vair\u0101kk\u0101rt pras\u012bjis ap\u017e\u0113lo\u0161anu, mudinot pirmo sievu rakst\u012bt prezidentam. Tagad Laimons apprec\u0113jies otrreiz.<\/p>\n","protected":false},"excerpt":{"rendered":"Saldus policijas biju\u0161ie prokurori un izmekl\u0113t\u0101ji Laimona Da\u0123a ne\u017e\u0113l\u012bgi pastr\u0101d\u0101to slepkav\u012bbu devi\u0146desmito gadu beig\u0101s spilgti atceras joproj\u0101m. Gan&hellip;\n","protected":false},"author":2,"featured_media":111566,"comment_status":"","ping_status":"","sticky":false,"template":"","format":"standard","meta":{"footnotes":""},"categories":[5],"tags":[23,28,29,3368,168,32,33,16794,22,907,30,31,35,39,38,36,37,34,40,4257,20,26,27,6349,22397,24,25,164,26190,21],"class_list":{"0":"post-111565","1":"post","2":"type-post","3":"status-publish","4":"format-standard","5":"has-post-thumbnail","7":"category-aktualitates","8":"tag-aktualitates","9":"tag-breaking-news","10":"tag-breakingnews","11":"tag-cietumsods","12":"tag-daugavpils","13":"tag-featured-news","14":"tag-featurednews","15":"tag-grivas-cietums","16":"tag-headlines","17":"tag-ieslodzijuma-vietu-parvalde","18":"tag-latest-news","19":"tag-latestnews","20":"tag-latvia","21":"tag-latvian","22":"tag-latviesu","23":"tag-latviesu-valoda","24":"tag-latviesuvaloda","25":"tag-latvija","26":"tag-lv","27":"tag-nacionalais-psihiskas-veselibas-centrs","28":"tag-news","29":"tag-popularakas-zinas","30":"tag-popularakaszinas","31":"tag-slepkava","32":"tag-ticiba","33":"tag-top-stories","34":"tag-topstories","35":"tag-tvnet-latvija","36":"tag-valsts-tiesu-medicinas-ekspertizes-centrs","37":"tag-zinas"},"share_on_mastodon":{"url":"","error":"Validation failed: Text character limit of 500 exceeded"},"_links":{"self":[{"href":"https:\/\/www.europesays.com\/lv\/wp-json\/wp\/v2\/posts\/111565","targetHints":{"allow":["GET"]}}],"collection":[{"href":"https:\/\/www.europesays.com\/lv\/wp-json\/wp\/v2\/posts"}],"about":[{"href":"https:\/\/www.europesays.com\/lv\/wp-json\/wp\/v2\/types\/post"}],"author":[{"embeddable":true,"href":"https:\/\/www.europesays.com\/lv\/wp-json\/wp\/v2\/users\/2"}],"replies":[{"embeddable":true,"href":"https:\/\/www.europesays.com\/lv\/wp-json\/wp\/v2\/comments?post=111565"}],"version-history":[{"count":0,"href":"https:\/\/www.europesays.com\/lv\/wp-json\/wp\/v2\/posts\/111565\/revisions"}],"wp:featuredmedia":[{"embeddable":true,"href":"https:\/\/www.europesays.com\/lv\/wp-json\/wp\/v2\/media\/111566"}],"wp:attachment":[{"href":"https:\/\/www.europesays.com\/lv\/wp-json\/wp\/v2\/media?parent=111565"}],"wp:term":[{"taxonomy":"category","embeddable":true,"href":"https:\/\/www.europesays.com\/lv\/wp-json\/wp\/v2\/categories?post=111565"},{"taxonomy":"post_tag","embeddable":true,"href":"https:\/\/www.europesays.com\/lv\/wp-json\/wp\/v2\/tags?post=111565"}],"curies":[{"name":"wp","href":"https:\/\/api.w.org\/{rel}","templated":true}]}}