{"id":111589,"date":"2026-01-23T09:37:07","date_gmt":"2026-01-23T09:37:07","guid":{"rendered":"https:\/\/www.europesays.com\/lv\/111589\/"},"modified":"2026-01-23T09:37:07","modified_gmt":"2026-01-23T09:37:07","slug":"hokejists-rodrigo-abols-guvis-potites-luzumu-atgriesanas-laukuma-gaidama-aprili-lente-lv-2","status":"publish","type":"post","link":"https:\/\/www.europesays.com\/lv\/111589\/","title":{"rendered":"Hokejists Rodrigo \u0100bols guvis pot\u012btes l\u016bzumu, atgrie\u0161an\u0101s laukum\u0101 gaid\u0101ma apr\u012bl\u012b\u00a0\u2014\u00a0Lente.lv"},"content":{"rendered":"<p>Trauma NHL sp\u0113l\u0113<\/p>\n<p>Latvie\u0161u hokejists Rodrigo \u0100bols guvis pot\u012btes l\u016bzumu. Par to sav\u0101 platform\u0101 &#8220;X&#8221; pazi\u0146ojis laikraksta &#8220;The Athletic&#8221; apskatnieks Kevins Kurcs, atsaucoties uz situ\u0101cijai pietuvin\u0101tiem avotiem. \u0100bols savainojumu guva pag\u0101ju\u0161\u0101s ned\u0113\u013cas nogal\u0113, 17. janv\u0101r\u012b, Nacion\u0101l\u0101s hokeja l\u012bgas (NHL) sp\u0113l\u0113 starp Filadelfijas &#8220;Flyers&#8221; un \u0145ujorkas &#8220;Rangers&#8221;. Hokejists laukumu pameta ar komandas biedru pal\u012bdz\u012bbu un nesp\u0113ja uzlikt spiedienu uz traum\u0113to k\u0101ju.<\/p>\n<p>Traumas deta\u013cas un prognozes<\/p>\n<p>Kurcs preciz\u0113, ka \u0100bolam konstat\u0113ts lab\u0101s pot\u012btes l\u016bzums. Lai gan s\u0101kotn\u0113j\u0101s zi\u0146as neliecin\u0101ja par optimistisku prognozi, &#8220;Flyers&#8221; organiz\u0101cij\u0101 past\u0101v cer\u012bba, ka \u0100bols \u0161osezon v\u0113l var\u0113tu atgriezties laukum\u0101. Tiek prognoz\u0113ts, ka hokejists var\u0113tu doties laukum\u0101 aptuveni m\u0113nesi pirms NHL regul\u0101r\u0101s sezonas beig\u0101m. NHL regul\u0101r\u0101 sezona nosl\u0113gsies 14. apr\u012bl\u012b ar ma\u010du pret Monre\u0101las &#8220;Canadiens&#8221;.<\/p>\n<p>Ietekme uz izlasi<\/p>\n<p>\u0160\u012b savainojuma d\u0113\u013c \u0100bols nevar\u0113s pal\u012bdz\u0113t Latvijas izlasei gaid\u0101maj\u0101s Mil\u0101nas olimpiskaj\u0101s sp\u0113l\u0113s. Vi\u0146a viet\u0101 Latvijas izlases galven\u0101 trenera Harija V\u012btoli\u0146a pieteikum\u0101 tika iek\u013cauts Rihards Bukarts. V\u012btoli\u0146\u0161 iepriek\u0161 pauda, ka \u0100bola traumas ir smaga un pras\u012bs ilgu atlab\u0161anas periodu.<\/p>\n<p>Statistika \u0161osezon<\/p>\n<p>\u0160osezon Rodrigo \u0100bols NHL aizvad\u012bjis 42 sp\u0113l\u0113s, kur\u0101s guvis tr\u012bs v\u0101rtus un atdevis septi\u0146as rezultat\u012bvas piesp\u0113les. Hokejists ir viens no vado\u0161ajiem centra uzbruc\u0113jiem Filadelfijas vien\u012bb\u0101. \u0100bola t\u0113vs ir biju\u0161ais Latvijas izlases sp\u0113l\u0113t\u0101js un tagad\u0113jais treneris Artis \u0100bols.<\/p>\n","protected":false},"excerpt":{"rendered":"Trauma NHL sp\u0113l\u0113 Latvie\u0161u hokejists Rodrigo \u0100bols guvis pot\u012btes l\u016bzumu. Par to sav\u0101 platform\u0101 &#8220;X&#8221; pazi\u0146ojis laikraksta &#8220;The&hellip;\n","protected":false},"author":2,"featured_media":111590,"comment_status":"","ping_status":"","sticky":false,"template":"","format":"standard","meta":{"footnotes":""},"categories":[17],"tags":[394,35,39,38,36,37,34,4765,40,835,837,67,5583],"class_list":{"0":"post-111589","1":"post","2":"type-post","3":"status-publish","4":"format-standard","5":"has-post-thumbnail","7":"category-sports","8":"tag-hokejs","9":"tag-latvia","10":"tag-latvian","11":"tag-latviesu","12":"tag-latviesu-valoda","13":"tag-latviesuvaloda","14":"tag-latvija","15":"tag-latvijas-izlase","16":"tag-lv","17":"tag-nhl","18":"tag-rodrigo-abols","19":"tag-sports","20":"tag-trauma"},"share_on_mastodon":{"url":"https:\/\/pubeurope.com\/@lv\/115943744863997395","error":""},"_links":{"self":[{"href":"https:\/\/www.europesays.com\/lv\/wp-json\/wp\/v2\/posts\/111589","targetHints":{"allow":["GET"]}}],"collection":[{"href":"https:\/\/www.europesays.com\/lv\/wp-json\/wp\/v2\/posts"}],"about":[{"href":"https:\/\/www.europesays.com\/lv\/wp-json\/wp\/v2\/types\/post"}],"author":[{"embeddable":true,"href":"https:\/\/www.europesays.com\/lv\/wp-json\/wp\/v2\/users\/2"}],"replies":[{"embeddable":true,"href":"https:\/\/www.europesays.com\/lv\/wp-json\/wp\/v2\/comments?post=111589"}],"version-history":[{"count":0,"href":"https:\/\/www.europesays.com\/lv\/wp-json\/wp\/v2\/posts\/111589\/revisions"}],"wp:featuredmedia":[{"embeddable":true,"href":"https:\/\/www.europesays.com\/lv\/wp-json\/wp\/v2\/media\/111590"}],"wp:attachment":[{"href":"https:\/\/www.europesays.com\/lv\/wp-json\/wp\/v2\/media?parent=111589"}],"wp:term":[{"taxonomy":"category","embeddable":true,"href":"https:\/\/www.europesays.com\/lv\/wp-json\/wp\/v2\/categories?post=111589"},{"taxonomy":"post_tag","embeddable":true,"href":"https:\/\/www.europesays.com\/lv\/wp-json\/wp\/v2\/tags?post=111589"}],"curies":[{"name":"wp","href":"https:\/\/api.w.org\/{rel}","templated":true}]}}