{"id":111597,"date":"2026-01-23T09:48:06","date_gmt":"2026-01-23T09:48:06","guid":{"rendered":"https:\/\/www.europesays.com\/lv\/111597\/"},"modified":"2026-01-23T09:48:06","modified_gmt":"2026-01-23T09:48:06","slug":"maksims-busels-debite-ar-pirmo-autordziesmu-latviesu-valoda-aust-un-riet","status":"publish","type":"post","link":"https:\/\/www.europesays.com\/lv\/111597\/","title":{"rendered":"Maksims Busels debit\u0113 ar pirmo autordziesmu latvie\u0161u valod\u0101 \u2013 &#8220;Aust un riet&#8221;"},"content":{"rendered":"<p>Dziesmas pirmatska\u0146ojums notiks 24. janv\u0101r\u012b ikgad\u0113j\u0101s m\u016bzikas ceremonijas &#8220;Muzik\u0101l\u0101 banka 2025&#8221; tie\u0161raid\u0113, s\u0101kums plkst. 21:10. \u0160is br\u012bdis k\u013c\u016bs par noz\u012bm\u012bgu pav\u0113rsienu m\u0101kslinieka karjer\u0101 \u2013 pirmo reizi pla\u0161ai auditorijai tiks prezent\u0113ta vi\u0146a autordziesma latvie\u0161u valod\u0101. M\u016bzikas video pirmizr\u0101de sekos uzreiz p\u0113c dziesmas pirmatska\u0146ojuma.<\/p>\n<p>Dziesmas vizu\u0101lais st\u0101sts veidots &#8220;Volvo Sporta centra&#8221; ledus hall\u0113, kas m\u016bzikas video nav nejau\u0161a dekor\u0101cija, bet gan k\u013cuvusi par galveno lok\u0101ciju si\u017eet\u0101 \u2013 ledus un cilv\u0113ks simboliz\u0113 robe\u017eas, kur\u0101s cilv\u0113ks p\u0101rvar, lai atmestu bailes, atrastu sev\u012b drosmi un sp\u0113ku piecelties p\u0113c kritieniem, turpin\u0101t ce\u013cu un iet uz priek\u0161u, kur aust saule. Videoklips st\u0101sta par motiv\u0101ciju un cilv\u0113cisko atbalstu, kas mums visiem ir nepiecie\u0161ams sare\u017e\u0123\u012btos br\u012b\u017eos.<\/p>\n<p>Videoklipa galvenaj\u0101s lom\u0101s \u2013 divi Latvijas jaun\u0101s paaudzes dai\u013cslido\u0161anas talanti: Fedirs Kuli\u0161s (Fedir Kulish) un Kira Baranovska. Vi\u0146u kl\u0101tb\u016btne pie\u0161\u0137ir st\u0101stam papildu emocion\u0101lo slodzi, vizu\u0101li pastiprinot dziesmas v\u0113st\u012bjumu par kritieniem, cel\u0161anos un savstarp\u0113ju atbalstu.<\/p>\n","protected":false},"excerpt":{"rendered":"Dziesmas pirmatska\u0146ojums notiks 24. janv\u0101r\u012b ikgad\u0113j\u0101s m\u016bzikas ceremonijas &#8220;Muzik\u0101l\u0101 banka 2025&#8221; tie\u0161raid\u0113, s\u0101kums plkst. 21:10. \u0160is br\u012bdis k\u013c\u016bs&hellip;\n","protected":false},"author":2,"featured_media":111598,"comment_status":"","ping_status":"","sticky":false,"template":"","format":"standard","meta":{"footnotes":""},"categories":[19],"tags":[1295,89,90,35,39,38,36,37,34,40,7304,1500,5577,527],"class_list":{"0":"post-111597","1":"post","2":"type-post","3":"status-publish","4":"format-standard","5":"has-post-thumbnail","7":"category-izklaide","8":"tag-dailslidosana","9":"tag-entertainment","10":"tag-izklaide","11":"tag-latvia","12":"tag-latvian","13":"tag-latviesu","14":"tag-latviesu-valoda","15":"tag-latviesuvaloda","16":"tag-latvija","17":"tag-lv","18":"tag-maksims-busels","19":"tag-olimpiskas-speles","20":"tag-singls","21":"tag-ziemas-olimpiskas-speles"},"share_on_mastodon":{"url":"https:\/\/pubeurope.com\/@lv\/115943787904832506","error":""},"_links":{"self":[{"href":"https:\/\/www.europesays.com\/lv\/wp-json\/wp\/v2\/posts\/111597","targetHints":{"allow":["GET"]}}],"collection":[{"href":"https:\/\/www.europesays.com\/lv\/wp-json\/wp\/v2\/posts"}],"about":[{"href":"https:\/\/www.europesays.com\/lv\/wp-json\/wp\/v2\/types\/post"}],"author":[{"embeddable":true,"href":"https:\/\/www.europesays.com\/lv\/wp-json\/wp\/v2\/users\/2"}],"replies":[{"embeddable":true,"href":"https:\/\/www.europesays.com\/lv\/wp-json\/wp\/v2\/comments?post=111597"}],"version-history":[{"count":0,"href":"https:\/\/www.europesays.com\/lv\/wp-json\/wp\/v2\/posts\/111597\/revisions"}],"wp:featuredmedia":[{"embeddable":true,"href":"https:\/\/www.europesays.com\/lv\/wp-json\/wp\/v2\/media\/111598"}],"wp:attachment":[{"href":"https:\/\/www.europesays.com\/lv\/wp-json\/wp\/v2\/media?parent=111597"}],"wp:term":[{"taxonomy":"category","embeddable":true,"href":"https:\/\/www.europesays.com\/lv\/wp-json\/wp\/v2\/categories?post=111597"},{"taxonomy":"post_tag","embeddable":true,"href":"https:\/\/www.europesays.com\/lv\/wp-json\/wp\/v2\/tags?post=111597"}],"curies":[{"name":"wp","href":"https:\/\/api.w.org\/{rel}","templated":true}]}}