{"id":111609,"date":"2026-01-23T09:58:11","date_gmt":"2026-01-23T09:58:11","guid":{"rendered":"https:\/\/www.europesays.com\/lv\/111609\/"},"modified":"2026-01-23T09:58:11","modified_gmt":"2026-01-23T09:58:11","slug":"piektdiena-23-janvaris-2026-aprinkis-lv","status":"publish","type":"post","link":"https:\/\/www.europesays.com\/lv\/111609\/","title":{"rendered":"Piektdiena, 23 Janv\u0101ris 2026 &#8211; aprinkis.lv"},"content":{"rendered":"<ol>\n<li><a href=\"https:\/\/news.google.com\/rss\/articles\/CBMiZkFVX3lxTFB1NGgxc3MwRW8yeWRkdUVjenVvLS1Ya2tDei1CV0NHRmw2X0sxZENJZjhja0NWZERNUnpWSDVPcVNzOW1CRHFvbFpLdFZQVDAtLTVkWmRVOUJXYWZMYlZEa3pqZUlXZw?oc=5\" target=\"_blank\" rel=\"nofollow noopener\">Piektdiena, 23 Janv\u0101ris 2026<\/a>&nbsp;&nbsp;aprinkis.lv<\/li>\n<li><a href=\"https:\/\/news.google.com\/rss\/articles\/CBMitgFBVV95cUxNQ2swRHJfOHNKSkRWZThuR3hoTng5MGpEZFdsVVdwaS1ZSm5JYXVHZWVqUnNUdDlwVUJ2OUZXbGdQUG5MTFJJV0dFdlhHZW9WeTlGQUxLZ1B2TXBTMjdVN1k5MElNV2FDVUFBcGpNVkJQNXM2UHBLa1ZHQzZSUUVnRnpaZGQ1bk1Pc3N0SXljeXpIQU5qZ2lmQTZuUzU3ekQ3ZGMtamxLb3hHcklXc0Q3LThvZ09Vdw?oc=5\" target=\"_blank\" rel=\"nofollow noopener\">Domes deput\u0101ts Br\u0113manis pulksten 2 nakt\u012b iesniedz bud\u017eeta priek\u0161likumu, kas sasm\u012bdina visu Latviju<\/a>&nbsp;&nbsp;LA.LV<\/li>\n<li><a href=\"https:\/\/news.google.com\/rss\/articles\/CBMi5AFBVV95cUxPLUw5RTVmbmx6U002bFFBWTJPMU9xeUY1SmpnMmVHQnZJQ2RuWDRWbFJ6NjhULXFwWTNXQzhHd2J6c05sZnRJTV9oWUFQNDBzTVc3bW95cXRLNktRVl9YVDgyNzJOZ3ZVN0N2YWJ1QmJzVTBiWC1rUlhkSlhjb2Y0VU1lYmNQLXUweEZTamRSNmVMRlJMMkZOdmtoQTJscUFfU2tZNDNKS2RLcHhDRUo3ZWtKWm1TdDBTWXVSZ2toS2RsbjVhaTIxQ1hvcmdURTQyZTZRWW5zbzk0MVVPM2dZZjl4QUI?oc=5\" target=\"_blank\" rel=\"nofollow noopener\">R\u012bgas bud\u017eets \u0161ogad b\u016bs 1,7 miljardi eiro; priorit\u0101tes \u2013 izgl\u012bt\u012bba, dro\u0161\u012bba un infrastrukt\u016bra \/ Raksts<\/a>&nbsp;&nbsp;LSM<\/li>\n<li><a href=\"https:\/\/news.google.com\/rss\/articles\/CBMikwFBVV95cUxQSTRSMnY0X3UxRDlSSkxKeDZkLU5ZNmJrVjc4RTFQelhuT0hjRW12eGtwT0Z4aDNRN2d1bWlwMHl6SkZob1VtdFRWMGFEX0ZoYlNkRkxKLTRPbS1xSmJ6MENSUzFzQS1ZZGN4eGtGX2NVeVh4QWJ0UHFXOTJuVUoxVjlVQnh4a2p0Z2RCNFFCdW5xRTA?oc=5\" target=\"_blank\" rel=\"nofollow noopener\">Pie\u0146em R\u012bgas bud\u017eetu un uz gadu iesald\u0113 algas<\/a>&nbsp;&nbsp;Delfi<\/li>\n<li><a href=\"https:\/\/news.google.com\/rss\/articles\/CBMiogFBVV95cUxOdXJMRTNMQ0M2YzJNOUl0cTRkT1VIZVZnRHpqcjZqcXVzOE1wajdPTU80bTlmTlQxMldBT1lKdTlsUW5idDRSQkZoY0FFblU4NXVIeFM4Y0pCZGdmX2ZaTjdLWHVTbVJ2NG9QXzdlUWdiaXFLQUJxNVBBOEZMZm40UzlWSGY0QjhpS1ZHZzF4YjExbmVEVXRXZDk5UGxGd0Z3Y0E?oc=5\" target=\"_blank\" rel=\"nofollow noopener\">P\u0113c 10 stundu ilg\u0101m diskusij\u0101m pie\u0146emts R\u012bgas 2026. gada bud\u017eets<\/a>&nbsp;&nbsp;Jauns.lv<\/li>\n<\/ol>\n","protected":false},"excerpt":{"rendered":"Piektdiena, 23 Janv\u0101ris 2026&nbsp;&nbsp;aprinkis.lv Domes deput\u0101ts Br\u0113manis pulksten 2 nakt\u012b iesniedz bud\u017eeta priek\u0161likumu, kas sasm\u012bdina visu Latviju&nbsp;&nbsp;LA.LV R\u012bgas&hellip;\n","protected":false},"author":2,"featured_media":24800,"comment_status":"","ping_status":"","sticky":false,"template":"","format":"standard","meta":{"footnotes":""},"categories":[12],"tags":[23,28,29,47,32,33,22,381,64,30,31,35,39,38,36,37,34,40,20,385,26,27,172,382,384,383,24,25,21],"class_list":{"0":"post-111609","1":"post","2":"type-post","3":"status-publish","4":"format-standard","5":"has-post-thumbnail","7":"category-latvija","8":"tag-aktualitates","9":"tag-breaking-news","10":"tag-breakingnews","11":"tag-ekonomika","12":"tag-featured-news","13":"tag-featurednews","14":"tag-headlines","15":"tag-jaunumi","16":"tag-kultura","17":"tag-latest-news","18":"tag-latestnews","19":"tag-latvia","20":"tag-latvian","21":"tag-latviesu","22":"tag-latviesu-valoda","23":"tag-latviesuvaloda","24":"tag-latvija","25":"tag-lv","26":"tag-news","27":"tag-pieriga","28":"tag-popularakas-zinas","29":"tag-popularakaszinas","30":"tag-riga","31":"tag-sabiedriba","32":"tag-sludinajumi","33":"tag-sports-afisa","34":"tag-top-stories","35":"tag-topstories","36":"tag-zinas"},"share_on_mastodon":{"url":"https:\/\/pubeurope.com\/@lv\/115943827212843969","error":""},"_links":{"self":[{"href":"https:\/\/www.europesays.com\/lv\/wp-json\/wp\/v2\/posts\/111609","targetHints":{"allow":["GET"]}}],"collection":[{"href":"https:\/\/www.europesays.com\/lv\/wp-json\/wp\/v2\/posts"}],"about":[{"href":"https:\/\/www.europesays.com\/lv\/wp-json\/wp\/v2\/types\/post"}],"author":[{"embeddable":true,"href":"https:\/\/www.europesays.com\/lv\/wp-json\/wp\/v2\/users\/2"}],"replies":[{"embeddable":true,"href":"https:\/\/www.europesays.com\/lv\/wp-json\/wp\/v2\/comments?post=111609"}],"version-history":[{"count":0,"href":"https:\/\/www.europesays.com\/lv\/wp-json\/wp\/v2\/posts\/111609\/revisions"}],"wp:featuredmedia":[{"embeddable":true,"href":"https:\/\/www.europesays.com\/lv\/wp-json\/wp\/v2\/media\/24800"}],"wp:attachment":[{"href":"https:\/\/www.europesays.com\/lv\/wp-json\/wp\/v2\/media?parent=111609"}],"wp:term":[{"taxonomy":"category","embeddable":true,"href":"https:\/\/www.europesays.com\/lv\/wp-json\/wp\/v2\/categories?post=111609"},{"taxonomy":"post_tag","embeddable":true,"href":"https:\/\/www.europesays.com\/lv\/wp-json\/wp\/v2\/tags?post=111609"}],"curies":[{"name":"wp","href":"https:\/\/api.w.org\/{rel}","templated":true}]}}