{"id":111621,"date":"2026-01-23T10:13:04","date_gmt":"2026-01-23T10:13:04","guid":{"rendered":"https:\/\/www.europesays.com\/lv\/111621\/"},"modified":"2026-01-23T10:13:04","modified_gmt":"2026-01-23T10:13:04","slug":"latvijas-florbola-savieniba-lv-2025-2026-jaunumi-uzsakta-bilesu-tirdznieciba-uz-pasaules-cempionata-kvalifikaciju-liepaja","status":"publish","type":"post","link":"https:\/\/www.europesays.com\/lv\/111621\/","title":{"rendered":"Latvijas Florbola savien\u012bba \u00bb LV \u00bb 2025\/2026 \u00bb Jaunumi \u00bb Uzs\u0101kta bi\u013ce\u0161u tirdzniec\u012bba uz pasaules \u010dempion\u0101ta kvalifik\u0101ciju Liep\u0101j\u0101"},"content":{"rendered":"<p>Uzs\u0101kta bi\u013ce\u0161u tirdzniec\u012bba uz pasaules \u010dempion\u0101ta kvalifik\u0101ciju Liep\u0101j\u0101<\/p>\n<p><\/p>\n<p>\t\t\t\t\t<img decoding=\"async\" src=\"https:\/\/www.europesays.com\/lv\/wp-content\/uploads\/2026\/01\/latvija_fani_liepaja.jpg\" class=\"news-title-image\" width=\"292.5\" alt=\"latvija_fani_liepaja.jpg\" title=\"Uzs\u0101kta bi\u013ce\u0161u tirdzniec\u012bba uz pasaules \u010dempion\u0101ta kvalifik\u0101ciju Liep\u0101j\u0101\" \/><\/p>\n<p style=\"text-align: justify;\">No 3. l\u012bdz 7. febru\u0101rim Liep\u0101j\u0101 norisin\u0101sies divi Eiropas re\u0123iona kvalifik\u0101cijas turn\u012bri, kuros par ce\u013caz\u012bm\u0113m uz 2026. gada pasaules \u010dempion\u0101ta florbol\u0101 v\u012brie\u0161iem fin\u0101lturn\u012bru c\u012bn\u012bsies Latvijas un 13 citu valstu izlases. Ieejas bi\u013cetes uz \u0161iem piecu dienu florbola sv\u0113tkiem ir nop\u0113rkamas tikai iepriek\u0161p\u0101rdo\u0161an\u0101 tie\u0161saist\u0113 &#8211; <a href=\"https:\/\/www.bezrindas.lv\/lv\/organizatori\/latvijas-florbola-savieniba-biedriba\" target=\"_blank\" rel=\"nofollow noopener\">www.bezrindas.lv<\/a>.<\/p>\n<p>\u00a0<\/p>\n<p style=\"text-align: justify;\">Latvijas izlase sp\u0113l\u0113s Liep\u0101jas Olimpiskaj\u0101 centr\u0101 EUR1 turn\u012bra B apak\u0161grup\u0101 un m\u016bsu tie\u0161ie pretinieki b\u016bs Slov\u0113nijas, Ung\u0101rijas un Ukrainas florbolisti, bet A apak\u0161grup\u0101 sacent\u012bsies \u0160veices, Norv\u0113\u0123ijas, Lielbrit\u0101nijas un N\u012bderlandes valstsvien\u012bbas. Fin\u0101lturn\u012bram, kas \u0161\u012b gada nogal\u0113 notiks Tamper\u0113 kvalific\u0113sies abu apak\u0161grupu uzvar\u0113t\u0101ji un komanda, kura b\u016bs p\u0101r\u0101ka nosl\u0113dzo\u0161\u0101s dienas duel\u012b starp otro vietu ieguv\u0113j\u0101m.<\/p>\n<p style=\"text-align: justify;\">\u00a0<\/p>\n<p style=\"text-align: justify;\">EUR2 turn\u012br\u0101 Liep\u0101jas Olimpisk\u0101 centra man\u0113\u017e\u0101 sacent\u012bsies \u010cehijas, Igaunijas, It\u0101lijas, V\u0101cijas, Sp\u0101nijas un Be\u013c\u0123ijas valstsvien\u012bbas. Fin\u0101lturn\u012bram Tamper\u0113 kvalific\u0113sies tr\u012bs sp\u0113c\u012bg\u0101k\u0101s komandas.<\/p>\n<p style=\"text-align: justify;\">\u00a0<\/p>\n<p style=\"text-align: justify;\">Dienas bi\u013cetes cena pieaugu\u0161ajiem noteikta 10 EUR (+ komisijas maksa), person\u0101m, kuras nav sasniegu\u0161as 16 gadu vecumu &#8211; 3 EUR (+ komisijas maksa). Person\u0101m, kuras nav sasniegu\u0161as 7 gadu vecumu &#8211; ieeja bez maksas, neaiz\u0146emot atsevi\u0161\u0137u s\u0113dvietu.<\/p>\n<p style=\"text-align: justify;\">\u00a0<\/p>\n<p style=\"text-align: justify;\">Dienas bi\u013cetes b\u016bs der\u012bgas ieejai uz vis\u0101m sp\u0113l\u0113m ab\u0101s ar\u0113n\u0101s &#8211; Liep\u0101jas Olimpiskaj\u0101 centr\u0101 un Liep\u0101jas Olimpisk\u0101 centra man\u0113\u017e\u0101.<\/p>\n<p style=\"text-align: justify;\">\u00a0<\/p>\n<p style=\"text-align: justify;\">Bi\u013ce\u0161u ieg\u0101de tikai iepriek\u0161p\u0101rdo\u0161an\u0101 tie\u0161saist\u0113 &#8211; <a href=\"https:\/\/www.bezrindas.lv\/lv\/organizatori\/latvijas-florbola-savieniba-biedriba\" target=\"_blank\" rel=\"nofollow noopener\">www.bezrindas.lv<\/a>.<\/p>\n<p style=\"text-align: justify;\">\u00a0<\/p>\n<p style=\"text-align: justify;\">EUR 1 turn\u012bra sp\u0113\u013cu kalend\u0101rs Liep\u0101jas Olimpiskaj\u0101 centr\u0101<\/p>\n<p style=\"text-align: justify;\">\u00a0<\/p>\n<p>4. febru\u0101ris (1. diena)<br \/>10:00 Lielbrit\u0101nija &#8211; Norv\u0113\u0123ija<br \/>13:00 N\u012bderlande &#8211; \u0160veice<br \/>16:00 Slov\u0113nija &#8211; Ung\u0101rija<br \/>19:00 Ukraina &#8211; Latvija<\/p>\n<p>5. febru\u0101ris (2. diena)<br \/>10:00 Norv\u0113\u0123ija &#8211; N\u012bderlande<br \/>13:00 Slov\u0113nija &#8211; Ukraina<br \/>16:00 \u0160veice &#8211; Lielbrit\u0101nija<br \/>19:00 Ung\u0101rija &#8211; Latvija<\/p>\n<p>6. febru\u0101ris (3. diena)<br \/>10:00 Lielbrit\u0101nija &#8211; N\u012bderlande<br \/>13:00 Ung\u0101rija &#8211; Ukraina<br \/>16:00 Norv\u0113\u0123ija &#8211; \u0160veice<br \/>19:00 Latvija &#8211; Slov\u0113nija<\/p>\n<p>7. febru\u0101ris (4. diena)<br \/>10:00 A grupas 4.v. &#8211; B grupas 4.v. (Sp\u0113le par 7. vietu)<br \/>13:00 A grupas 3.v. &#8211; B grupas 3.v. (Sp\u0113le par 5. vietu)<br \/>16:00 A grupas 2.v. &#8211; B grupas 2.v. (Sp\u0113le par 3. vietu)<br \/>19:00 A grupas 1.v. &#8211; B grupas 1.v. (Fin\u0101ls)<\/p>\n<p>EUR 2 turn\u012bra sp\u0113\u013cu kalend\u0101rs Liep\u0101jas Olimpisk\u0101 centra man\u0113\u017e\u0101<\/p>\n<p>\u00a0<\/p>\n<p>3. febru\u0101ris (1. diena)<br \/>10:30 V\u0101cija &#8211; It\u0101lija<br \/>13:30 \u010cehija &#8211; Sp\u0101nija<br \/>16:30 Be\u013c\u0123ija &#8211; Igaunija<\/p>\n<p>4. febru\u0101ris (2. diena)<br \/>10:30 Sp\u0101nija &#8211; V\u0101cija<br \/>13:30 Igaunija &#8211; It\u0101lija<br \/>16:30 Be\u013c\u0123ija &#8211; \u010cehija<\/p>\n<p>5. febru\u0101ris (3. diena)<br \/>10:30 It\u0101lija &#8211; Sp\u0101nija<br \/>13:30 V\u0101cija &#8211; Be\u013c\u0123ija<br \/>16:30 \u010cehija &#8211; Igaunija<\/p>\n<p>6. febru\u0101ris (4. diena)<br \/>10:30 Sp\u0101nija &#8211; Be\u013c\u0123ija<br \/>13:30 It\u0101lija &#8211; \u010cehija<br \/>16:30 Igaunija &#8211; V\u0101cija<\/p>\n<p>7. febru\u0101ris (5. diena)<br \/>10:30 It\u0101lija &#8211; Be\u013c\u0123ija<br \/>13:30 V\u0101cija &#8211; \u010cehija<br \/>16:30 Igaunija &#8211; Sp\u0101nija<\/p>\n<p>\u00a0<\/p>\n<p>\u2003<\/p>\n<p style=\"text-align: justify;\">\u00a0<\/p>\n","protected":false},"excerpt":{"rendered":"Uzs\u0101kta bi\u013ce\u0161u tirdzniec\u012bba uz pasaules \u010dempion\u0101ta kvalifik\u0101ciju Liep\u0101j\u0101 No 3. l\u012bdz 7. febru\u0101rim Liep\u0101j\u0101 norisin\u0101sies divi Eiropas re\u0123iona&hellip;\n","protected":false},"author":2,"featured_media":111622,"comment_status":"","ping_status":"","sticky":false,"template":"","format":"standard","meta":{"footnotes":""},"categories":[17],"tags":[405,26201,26200,26198,26199,35,39,38,36,37,34,24821,40,17116,67,4736],"class_list":{"0":"post-111621","1":"post","2":"type-post","3":"status-publish","4":"format-standard","5":"has-post-thumbnail","7":"category-sports","8":"tag-405","9":"tag-diena1000","10":"tag-diena1030","11":"tag-februaris","12":"tag-grupas","13":"tag-latvia","14":"tag-latvian","15":"tag-latviesu","16":"tag-latviesu-valoda","17":"tag-latviesuvaloda","18":"tag-latvija","19":"tag-liepajas","20":"tag-lv","21":"tag-spele","22":"tag-sports","23":"tag-turnira"},"share_on_mastodon":{"url":"https:\/\/pubeurope.com\/@lv\/115943886280655499","error":""},"_links":{"self":[{"href":"https:\/\/www.europesays.com\/lv\/wp-json\/wp\/v2\/posts\/111621","targetHints":{"allow":["GET"]}}],"collection":[{"href":"https:\/\/www.europesays.com\/lv\/wp-json\/wp\/v2\/posts"}],"about":[{"href":"https:\/\/www.europesays.com\/lv\/wp-json\/wp\/v2\/types\/post"}],"author":[{"embeddable":true,"href":"https:\/\/www.europesays.com\/lv\/wp-json\/wp\/v2\/users\/2"}],"replies":[{"embeddable":true,"href":"https:\/\/www.europesays.com\/lv\/wp-json\/wp\/v2\/comments?post=111621"}],"version-history":[{"count":0,"href":"https:\/\/www.europesays.com\/lv\/wp-json\/wp\/v2\/posts\/111621\/revisions"}],"wp:featuredmedia":[{"embeddable":true,"href":"https:\/\/www.europesays.com\/lv\/wp-json\/wp\/v2\/media\/111622"}],"wp:attachment":[{"href":"https:\/\/www.europesays.com\/lv\/wp-json\/wp\/v2\/media?parent=111621"}],"wp:term":[{"taxonomy":"category","embeddable":true,"href":"https:\/\/www.europesays.com\/lv\/wp-json\/wp\/v2\/categories?post=111621"},{"taxonomy":"post_tag","embeddable":true,"href":"https:\/\/www.europesays.com\/lv\/wp-json\/wp\/v2\/tags?post=111621"}],"curies":[{"name":"wp","href":"https:\/\/api.w.org\/{rel}","templated":true}]}}