{"id":111638,"date":"2026-01-23T10:28:07","date_gmt":"2026-01-23T10:28:07","guid":{"rendered":"https:\/\/www.europesays.com\/lv\/111638\/"},"modified":"2026-01-23T10:28:07","modified_gmt":"2026-01-23T10:28:07","slug":"brivdienas-sals-bus-lidz-25-gradiem-nakamnedel-laikapstakli-krasi-mainisies","status":"publish","type":"post","link":"https:\/\/www.europesays.com\/lv\/111638\/","title":{"rendered":"Br\u012bvdien\u0101s sals b\u016bs l\u012bdz \u201325 gr\u0101diem, n\u0101kamned\u0113\u013c laikapst\u0101k\u013ci krasi main\u012bsies &#8211;"},"content":{"rendered":"<p style=\"text-align: justify;\">Piektdien gaid\u0101ms liel\u0101koties m\u0101ko\u0146ains laiks, bet bez nokri\u0161\u0146iem. P\u016bt\u012bs l\u0113ns l\u012bdz m\u0113rens austrumu puses v\u0113j\u0161, nakts s\u0101kum\u0101 viet\u0101m Kurzem\u0113 br\u0101zm\u0101s sasniedzot l\u012bdz 14 m\/s, v\u0113sta Latvijas Vides, \u0123eolo\u0123ijas un meteorolo\u0123ijas centr\u0101.<\/p>\n<p style=\"text-align: justify;\">Nakt\u012b gaiss atdzis\u012bs l\u012bdz -4\u2026-9 gr\u0101diem, valsts zieme\u013caustrumos pat l\u012bdz -11 gr\u0101diem. Maksim\u0101l\u0101 gaisa temperat\u016bra -4\u2026-9 gr\u0101di tiks nov\u0113rota dienas pirmaj\u0101 pus\u0113, p\u0113cpusdien\u0101 t\u0101 par p\u0101ris gr\u0101diem pazemin\u0101sies.<\/p>\n<p style=\"text-align: justify;\">Br\u012bvdienas\u00a0aizrit\u0113s bez nokri\u0161\u0146iem,\u00a0gaid\u0101ms main\u012bgs m\u0101ko\u0146u daudzums, viet\u0101m debesis skaidrosies. P\u016bt\u012bs l\u0113ns l\u012bdz m\u0113rens austrumu puses v\u0113j\u0161.\u00a0Sestdien gaisa temperat\u016bra nakt\u012b un dien\u0101 gaid\u0101ma -11\u2026-16 gr\u0101du robe\u017e\u0101s, viet\u0101m piekrast\u0113 b\u016bs silt\u0101ks, tur -6\u2026-10 gr\u0101di. Nakt\u012b uz sv\u0113tdienu termometra stabi\u0146\u0161 nosl\u012bd\u0113s l\u012bdz -20\u2026-25 gr\u0101diem, Kurzemes piekrast\u0113 -12\u2026-17 gr\u0101di, bet dien\u0101 gaiss iesils l\u012bdz -12\u2026-17 gr\u0101di, Kurzemes piekrast\u0113 -9\u2026-13 gr\u0101di.<\/p>\n<p style=\"text-align: justify;\">N\u0101kam\u0101s ned\u0113\u013cas s\u0101kum\u0101\u00a0gaid\u0101mi nokri\u0161\u0146i \u2013 sniegs un slapj\u0161 sniegs, Kurzemes piekrast\u0113 gaid\u0101ms ar\u012b br\u0101zmains v\u0113j\u0161. Nakt\u012bs termometra stabi\u0146\u0161 nosl\u012bd\u0113s l\u012bdz 11 gr\u0101du atz\u012bmei, bet dien\u0101s gaisa temperat\u016bra viet\u0101m pietuvosies 0 gr\u0101di.<\/p>\n<p style=\"text-align: justify;\"><a href=\"https:\/\/bnn.lv\/eiropa-vairs-nevar-balstities-uz-asv-dombrovskis-aicina-butiski-palielinat-aizsardzibas-izdevumus-69768\" rel=\"nofollow noopener\" target=\"_blank\">Lasiet ar\u012b: Eiropa vairs nevar balst\u012bties uz ASV \u2013 Dombrovskis aicina b\u016btiski palielin\u0101t aizsardz\u012bbas izdevumus<\/a><\/p>\n<p>Seko mums ar\u012b\u00a0<a href=\"https:\/\/www.facebook.com\/bnnlv\" rel=\"nofollow noopener\" target=\"_blank\">Facebook<\/a>,\u00a0<a href=\"https:\/\/www.draugiem.lv\/bnn.lv\/\" rel=\"nofollow noopener\" target=\"_blank\">Draugiem<\/a>\u00a0un\u00a0<a href=\"https:\/\/twitter.com\/home\" rel=\"nofollow noopener\" target=\"_blank\">X<\/a>!<\/p>\n<p><script async src=\"https:\/\/platform.twitter.com\/widgets.js\" charset=\"utf-8\"><\/script><\/p>\n","protected":false},"excerpt":{"rendered":"Piektdien gaid\u0101ms liel\u0101koties m\u0101ko\u0146ains laiks, bet bez nokri\u0161\u0146iem. P\u016bt\u012bs l\u0113ns l\u012bdz m\u0113rens austrumu puses v\u0113j\u0161, nakts s\u0101kum\u0101 viet\u0101m&hellip;\n","protected":false},"author":2,"featured_media":111639,"comment_status":"","ping_status":"","sticky":false,"template":"","format":"standard","meta":{"footnotes":""},"categories":[12],"tags":[23,28,29,26202,32,33,22,152,1052,30,31,35,39,38,36,37,34,40,20,26,27,25883,26203,25884,24,25,21],"class_list":{"0":"post-111638","1":"post","2":"type-post","3":"status-publish","4":"format-standard","5":"has-post-thumbnail","7":"category-latvija","8":"tag-aktualitates","9":"tag-breaking-news","10":"tag-breakingnews","11":"tag-brivdienu-laikapstakli","12":"tag-featured-news","13":"tag-featurednews","14":"tag-headlines","15":"tag-laika-prognoze","16":"tag-laikapstakli-latvija","17":"tag-latest-news","18":"tag-latestnews","19":"tag-latvia","20":"tag-latvian","21":"tag-latviesu","22":"tag-latviesu-valoda","23":"tag-latviesuvaloda","24":"tag-latvija","25":"tag-lv","26":"tag-news","27":"tag-popularakas-zinas","28":"tag-popularakaszinas","29":"tag-sals-lidz-25","30":"tag-stiprs-sals","31":"tag-svarigi","32":"tag-top-stories","33":"tag-topstories","34":"tag-zinas"},"share_on_mastodon":{"url":"https:\/\/pubeurope.com\/@lv\/115943945197165061","error":""},"_links":{"self":[{"href":"https:\/\/www.europesays.com\/lv\/wp-json\/wp\/v2\/posts\/111638","targetHints":{"allow":["GET"]}}],"collection":[{"href":"https:\/\/www.europesays.com\/lv\/wp-json\/wp\/v2\/posts"}],"about":[{"href":"https:\/\/www.europesays.com\/lv\/wp-json\/wp\/v2\/types\/post"}],"author":[{"embeddable":true,"href":"https:\/\/www.europesays.com\/lv\/wp-json\/wp\/v2\/users\/2"}],"replies":[{"embeddable":true,"href":"https:\/\/www.europesays.com\/lv\/wp-json\/wp\/v2\/comments?post=111638"}],"version-history":[{"count":0,"href":"https:\/\/www.europesays.com\/lv\/wp-json\/wp\/v2\/posts\/111638\/revisions"}],"wp:featuredmedia":[{"embeddable":true,"href":"https:\/\/www.europesays.com\/lv\/wp-json\/wp\/v2\/media\/111639"}],"wp:attachment":[{"href":"https:\/\/www.europesays.com\/lv\/wp-json\/wp\/v2\/media?parent=111638"}],"wp:term":[{"taxonomy":"category","embeddable":true,"href":"https:\/\/www.europesays.com\/lv\/wp-json\/wp\/v2\/categories?post=111638"},{"taxonomy":"post_tag","embeddable":true,"href":"https:\/\/www.europesays.com\/lv\/wp-json\/wp\/v2\/tags?post=111638"}],"curies":[{"name":"wp","href":"https:\/\/api.w.org\/{rel}","templated":true}]}}