{"id":111689,"date":"2026-01-23T11:23:07","date_gmt":"2026-01-23T11:23:07","guid":{"rendered":"https:\/\/www.europesays.com\/lv\/111689\/"},"modified":"2026-01-23T11:23:07","modified_gmt":"2026-01-23T11:23:07","slug":"satiksmes-ministrija-sakusi-pastiprinatu-kontroli-par-atd-darbibu-norada-svinka","status":"publish","type":"post","link":"https:\/\/www.europesays.com\/lv\/111689\/","title":{"rendered":"Satiksmes ministrija s\u0101kusi pastiprin\u0101tu kontroli p\u0101r ATD darb\u012bbu, nor\u0101da \u0160vinka"},"content":{"rendered":"<p>Savuk\u0101rt komerci\u0101lo autop\u0101rvad\u0101jumu uz\u0146\u0113mums SIA &#8220;Lux Express Latvia&#8221; uzsver, ka ATD nepilda SM r\u012bkojumu, kas paredz &#8220;Lux Express&#8221; atkl\u0101t datus par dot\u0113to pasa\u017eieru p\u0101rvad\u0101jumiem.<\/p>\n<p>Komp\u0101nij\u0101 nor\u0101da, ka &#8220;Lux Express Latvia&#8221; 2025. gada j\u016blij\u0101 ATD iesniedza inform\u0101cijas piepras\u012bjumu par dot\u0113to pasa\u017eieru p\u0101rvad\u0101jumu datiem, jo uz\u0146\u0113mums akt\u012bvi str\u0101d\u0101 pie potenci\u0101lo komercp\u0101rvad\u0101jumu tirgus att\u012bst\u012bbas scen\u0101riju izstr\u0101des Latvij\u0101. Tom\u0113r, p\u0113c uz\u0146\u0113mum\u0101 teikt\u0101, ATD \u0161o piepras\u012bjumu atteica, pamatojoties uz vair\u0101kiem iemesliem, kurus SM atzina par prettiesiskiem un uzdeva lietu izskat\u012bt atk\u0101rtoti.<\/p>\n<p>TVNET jau v\u0113st\u012bja, ka p\u0113c 7. janv\u0101ra tik\u0161an\u0101s Latvijas Pasa\u017eieru p\u0101rvad\u0101t\u0101ju asoci\u0101cija pazi\u0146oja, ka re\u0123ion\u0101l\u0101 sabiedrisk\u0101 transporta pasa\u017eieru p\u0101rvad\u0101t\u0101ji atk\u0101rtoti apsver iesp\u0113ju r\u012bkot protesta akciju saist\u012bb\u0101 ar ilgtermi\u0146a l\u012bgumcenu p\u0101rskat\u012b\u0161anu.<\/p>\n<p>P\u0113rn 12. august\u0101 sabiedrisk\u0101 transporta pasa\u017eieru p\u0101rvad\u0101t\u0101ju p\u0101rst\u0101vji protesta akcij\u0101 pie Ministru kabineta (MK) aicin\u0101ja vald\u012bbu kompens\u0113t neparedzamu \u0101rk\u0101rtas apst\u0101k\u013cu d\u0113\u013c izrais\u012bto izmaksu pieaugumu. Savuk\u0101rt 16. septembr\u012b pasa\u017eieru p\u0101rvad\u0101t\u0101ji r\u012bkoja protesta akciju &#8220;Viena stunda bez sabiedrisk\u0101 transporta&#8221;, lai piev\u0113rstu uzman\u012bbu nepietiekamam finans\u0113jumam sabiedrisk\u0101 transporta nozar\u0113.<\/p>\n<p>P\u0101rvad\u0101t\u0101ji piepras\u012bja kompens\u0113t 10% p\u0101rvad\u0101t\u0101ju zaud\u0113jumus, kas radu\u0161ies ilgtermi\u0146a l\u012bgumu d\u0113\u013c \u0101rk\u0101rtas apst\u0101k\u013cu ietekm\u0113 laik\u0101 no 2022. gada 1. j\u016blija l\u012bdz 2025. gada 31. augustam.<\/p>\n","protected":false},"excerpt":{"rendered":"Savuk\u0101rt komerci\u0101lo autop\u0101rvad\u0101jumu uz\u0146\u0113mums SIA &#8220;Lux Express Latvia&#8221; uzsver, ka ATD nepilda SM r\u012bkojumu, kas paredz &#8220;Lux Express&#8221;&hellip;\n","protected":false},"author":2,"featured_media":111690,"comment_status":"","ping_status":"","sticky":false,"template":"","format":"standard","meta":{"footnotes":""},"categories":[5],"tags":[23,4959,1953,28,29,32,33,22,30,31,35,39,38,36,37,34,40,20,5207,26,27,956,24,25,21],"class_list":{"0":"post-111689","1":"post","2":"type-post","3":"status-publish","4":"format-standard","5":"has-post-thumbnail","7":"category-aktualitates","8":"tag-aktualitates","9":"tag-atis-svinka","10":"tag-autotransporta-direkcija","11":"tag-breaking-news","12":"tag-breakingnews","13":"tag-featured-news","14":"tag-featurednews","15":"tag-headlines","16":"tag-latest-news","17":"tag-latestnews","18":"tag-latvia","19":"tag-latvian","20":"tag-latviesu","21":"tag-latviesu-valoda","22":"tag-latviesuvaloda","23":"tag-latvija","24":"tag-lv","25":"tag-news","26":"tag-pasazieru-parvadajumi","27":"tag-popularakas-zinas","28":"tag-popularakaszinas","29":"tag-satiksmes-ministrija","30":"tag-top-stories","31":"tag-topstories","32":"tag-zinas"},"share_on_mastodon":{"url":"https:\/\/pubeurope.com\/@lv\/115944161508338856","error":""},"_links":{"self":[{"href":"https:\/\/www.europesays.com\/lv\/wp-json\/wp\/v2\/posts\/111689","targetHints":{"allow":["GET"]}}],"collection":[{"href":"https:\/\/www.europesays.com\/lv\/wp-json\/wp\/v2\/posts"}],"about":[{"href":"https:\/\/www.europesays.com\/lv\/wp-json\/wp\/v2\/types\/post"}],"author":[{"embeddable":true,"href":"https:\/\/www.europesays.com\/lv\/wp-json\/wp\/v2\/users\/2"}],"replies":[{"embeddable":true,"href":"https:\/\/www.europesays.com\/lv\/wp-json\/wp\/v2\/comments?post=111689"}],"version-history":[{"count":0,"href":"https:\/\/www.europesays.com\/lv\/wp-json\/wp\/v2\/posts\/111689\/revisions"}],"wp:featuredmedia":[{"embeddable":true,"href":"https:\/\/www.europesays.com\/lv\/wp-json\/wp\/v2\/media\/111690"}],"wp:attachment":[{"href":"https:\/\/www.europesays.com\/lv\/wp-json\/wp\/v2\/media?parent=111689"}],"wp:term":[{"taxonomy":"category","embeddable":true,"href":"https:\/\/www.europesays.com\/lv\/wp-json\/wp\/v2\/categories?post=111689"},{"taxonomy":"post_tag","embeddable":true,"href":"https:\/\/www.europesays.com\/lv\/wp-json\/wp\/v2\/tags?post=111689"}],"curies":[{"name":"wp","href":"https:\/\/api.w.org\/{rel}","templated":true}]}}