{"id":111700,"date":"2026-01-23T11:31:07","date_gmt":"2026-01-23T11:31:07","guid":{"rendered":"https:\/\/www.europesays.com\/lv\/111700\/"},"modified":"2026-01-23T11:31:07","modified_gmt":"2026-01-23T11:31:07","slug":"monako-migla-atrakais-pec-wrc-atklasasnas-posma-pirmas-dienas-ir-solbergs","status":"publish","type":"post","link":"https:\/\/www.europesays.com\/lv\/111700\/","title":{"rendered":"Monako migl\u0101 \u0101tr\u0101kais p\u0113c WRC atkl\u0101\u0161asnas posma pirm\u0101s dienas ir Solbergs"},"content":{"rendered":"<p>Tre\u0161aj\u0101 \u0101trumposm\u0101 tras\u0113 bija gr\u016bti caurredzama migla, un p\u0113c pirmaj\u0101m septi\u0146\u0101m ekip\u0101\u017e\u0101m posms tika p\u0101rtraukts. P\u0113c septi\u0146\u0101m posmu aizvad\u012bju\u0161aj\u0101m ekip\u0101\u017e\u0101m \u0101trumposm\u0101 \u0101tr\u0101kais bija franc\u016bzis Sebastj\u0113ns O\u017ej\u0113 (\u201cToyota Gazoo\u201d), bet kopv\u0113rt\u0113jum\u0101 pirmo vietu saglab\u0101ja Solbergs.<\/p>\n<p>Piektdien ekip\u0101\u017eas veiks v\u0113l se\u0161us \u0101trumposmus, sestdien paredz\u0113ti \u010detri \u0101trumposmi, bet sv\u0113tdien sacens\u012bbas tiks nosl\u0113gtas ar tr\u012bs \u0101trumposmiem.<\/p>\n<p>2026. gada sezon\u0101 WRC kalend\u0101r\u0101 paredz\u0113ti 14 posmi.<\/p>\n<p>Pag\u0101ju\u0161aj\u0101 sezon\u0101 dev\u012bto reizi par pasaules \u010dempionu k\u013cuva franc\u016bzis Sebastjens O\u017ej\u0113.<\/p>\n<p>Skaties WRC tie\u0161raides Go3 Sport kan\u0101los un\u00a0<a href=\"https:\/\/go3.lv\/sports\" rel=\"nofollow noopener\" target=\"_blank\">Go3 telev\u012bzij\u0101<\/a>!<\/p>\n<p class=\"tv3-fw-500\">Zi\u0146o par k\u013c\u016bdu rakst\u0101<\/p>\n<p class=\"d-md-block d-none\">Iez\u012bm\u0113 k\u013c\u016bdaino tekstu un spied Ctrl+Enter.<\/p>\n<p class=\"d-md-none d-block\">Iez\u012bm\u0113 k\u013c\u016bdaino tekstu un zi\u0146o par to!<\/p>\n","protected":false},"excerpt":{"rendered":"Tre\u0161aj\u0101 \u0101trumposm\u0101 tras\u0113 bija gr\u016bti caurredzama migla, un p\u0113c pirmaj\u0101m septi\u0146\u0101m ekip\u0101\u017e\u0101m posms tika p\u0101rtraukts. P\u0113c septi\u0146\u0101m posmu&hellip;\n","protected":false},"author":2,"featured_media":111701,"comment_status":"","ping_status":"","sticky":false,"template":"","format":"standard","meta":{"footnotes":""},"categories":[17],"tags":[35,39,38,36,37,34,40,67,5675],"class_list":{"0":"post-111700","1":"post","2":"type-post","3":"status-publish","4":"format-standard","5":"has-post-thumbnail","7":"category-sports","8":"tag-latvia","9":"tag-latvian","10":"tag-latviesu","11":"tag-latviesu-valoda","12":"tag-latviesuvaloda","13":"tag-latvija","14":"tag-lv","15":"tag-sports","16":"tag-wrc"},"share_on_mastodon":{"url":"https:\/\/pubeurope.com\/@lv\/115944192961372207","error":""},"_links":{"self":[{"href":"https:\/\/www.europesays.com\/lv\/wp-json\/wp\/v2\/posts\/111700","targetHints":{"allow":["GET"]}}],"collection":[{"href":"https:\/\/www.europesays.com\/lv\/wp-json\/wp\/v2\/posts"}],"about":[{"href":"https:\/\/www.europesays.com\/lv\/wp-json\/wp\/v2\/types\/post"}],"author":[{"embeddable":true,"href":"https:\/\/www.europesays.com\/lv\/wp-json\/wp\/v2\/users\/2"}],"replies":[{"embeddable":true,"href":"https:\/\/www.europesays.com\/lv\/wp-json\/wp\/v2\/comments?post=111700"}],"version-history":[{"count":0,"href":"https:\/\/www.europesays.com\/lv\/wp-json\/wp\/v2\/posts\/111700\/revisions"}],"wp:featuredmedia":[{"embeddable":true,"href":"https:\/\/www.europesays.com\/lv\/wp-json\/wp\/v2\/media\/111701"}],"wp:attachment":[{"href":"https:\/\/www.europesays.com\/lv\/wp-json\/wp\/v2\/media?parent=111700"}],"wp:term":[{"taxonomy":"category","embeddable":true,"href":"https:\/\/www.europesays.com\/lv\/wp-json\/wp\/v2\/categories?post=111700"},{"taxonomy":"post_tag","embeddable":true,"href":"https:\/\/www.europesays.com\/lv\/wp-json\/wp\/v2\/tags?post=111700"}],"curies":[{"name":"wp","href":"https:\/\/api.w.org\/{rel}","templated":true}]}}