{"id":111702,"date":"2026-01-23T11:34:07","date_gmt":"2026-01-23T11:34:07","guid":{"rendered":"https:\/\/www.europesays.com\/lv\/111702\/"},"modified":"2026-01-23T11:34:07","modified_gmt":"2026-01-23T11:34:07","slug":"rigas-pasvaldiba-planota-statu-samazinasana-vairakos-departamentos-lente-lv","status":"publish","type":"post","link":"https:\/\/www.europesays.com\/lv\/111702\/","title":{"rendered":"R\u012bgas pa\u0161vald\u012bb\u0101 pl\u0101nota \u0161tatu samazin\u0101\u0161ana vair\u0101kos departamentos\u00a0\u2014\u00a0Lente.lv"},"content":{"rendered":"<p>Bud\u017eeta izstr\u0101des laik\u0101 pl\u0101nota person\u0101la optimiz\u0101cija<\/p>\n<p>Atsevi\u0161\u0137os R\u012bgas pa\u0161vald\u012bbas departamentos \u0161ogad pl\u0101nota \u0161tatu samazin\u0101\u0161ana, \u0161odien tika publiskots R\u012bgas domes s\u0113d\u0113, kur\u0101 tika skat\u012bts pa\u0161vald\u012bbas \u0161\u012b gada bud\u017eets. K\u0101 zi\u0146o av\u012bze Diena, atbildot uz opoz\u012bcijas deput\u0101tu jaut\u0101jumiem, R\u012bgas domes Finan\u0161u departamenta direktors Uldis Raksti\u0146\u0161 nor\u0101d\u012bja, ka vi\u0146a vad\u012btaj\u0101 departament\u0101 \u0161tata vietu skaitu paredz\u0113ts samazin\u0101t par aptuveni 5%. Savuk\u0101rt R\u012bgas pa\u0161vald\u012bbas Centr\u0101laj\u0101 administr\u0101cij\u0101 pl\u0101nots samazin\u0101t \u0161tata vietu skaitu par 15 viet\u0101m. \u0160is solis saska\u0146ots ar pa\u0161vald\u012bbas jaun\u0101 gada bud\u017eeta izstr\u0101di, kas paredz stingr\u0101ku l\u012bdzek\u013cu izlietojumu un efektivit\u0101tes paaugstin\u0101\u0161anu.<\/p>\n<p>Bud\u017eeta priorit\u0101tes un priorit\u0101r\u0101s jomas<\/p>\n<p>R\u012bgas 2026. gada bud\u017eets paredz 1,5 miljardus eiro ie\u0146\u0113mumus un 1,7 miljardus eiro t\u0113ri\u0146us. Galven\u0101s priorit\u0101tes ir \u0123imenes, dro\u0161\u012bba un ekonomikas izaugsme. Pils\u0113tas m\u0113rs Viesturs Kleinbergs uzsv\u0113ris, ka bud\u017eets ir re\u0101listisks un cilv\u0113c\u012bgs, \u0146emot v\u0113r\u0101 sare\u017e\u0123\u012btos apst\u0101k\u013cus. Liel\u0101kie t\u0113ri\u0146i pl\u0101noti izgl\u012bt\u012bbai (vair\u0101k nek\u0101 600 miljoni eiro), satiksmei un infrastrukt\u016brai, k\u0101 ar\u012b soci\u0101lajam atbalstam. B\u016btiska uzman\u012bba piev\u0113rsta ar\u012b dro\u0161\u012bbai, pl\u0101nojot labiek\u0101rtot patvertnes un palielin\u0101t pa\u0161vald\u012bbas policistu algas. T\u0101pat paredz\u0113ts veikt vair\u0101ku tiltu un ielu remontus, k\u0101 ar\u012b uzlabot ielu apgaismojumu un satiksmes dro\u0161\u012bbu skolu zon\u0101s. Bud\u017eeta ie\u0146\u0113mumi pl\u0101noti par 37,6 miljoniem eiro vair\u0101k nek\u0101 iepriek\u0161\u0113j\u0101 gad\u0101, galvenok\u0101rt pateicoties iedz\u012bvot\u0101ju ien\u0101kuma nodok\u013ca pieaugumam.<\/p>\n<p>Person\u0101la optimiz\u0101cijas m\u0113r\u0137i un ietekme<\/p>\n<p>\u0160tatu samazin\u0101\u0161ana tiek pl\u0101nota, lai palielin\u0101tu pa\u0161vald\u012bbas darba efektivit\u0101ti un optimiz\u0113tu administrat\u012bvo slogu. Zi\u0146as liecina, ka Finan\u0161u departament\u0101 str\u0101d\u0101 da\u017e\u0101das p\u0101rvaldes, tostarp bud\u017eeta, finan\u0161u uzskaites un ie\u0146\u0113mumu p\u0101rvaldes, kuru darba optimiz\u0101cija var\u0113tu dot iesp\u0113ju samazin\u0101t darbinieku skaitu, saglab\u0101jot nepiecie\u0161amo funkciju izpildi. Savuk\u0101rt Centr\u0101laj\u0101 administr\u0101cij\u0101, kas ietver da\u017e\u0101das p\u0101rvaldes, s\u0101kot no audita un juridisko pakalpojumu nodro\u0161in\u0101\u0161anas l\u012bdz komunik\u0101cijai un cilv\u0113kresursu p\u0101rvald\u012bbai, pl\u0101notais samazin\u0101jums var\u0113tu b\u016bt saist\u012bts ar funkciju anal\u012bzi un centraliz\u0101ciju. Konkr\u0113ti departamenti, kuros paredz\u0113ta \u0161tatu samazin\u0101\u0161ana, nav detaliz\u0113ti nosaukti, ta\u010du min\u0113ts, ka tas skar atsevi\u0161\u0137us resorus.<\/p>\n<p>N\u0101kotnes perspekt\u012bvas un priorit\u0101tes<\/p>\n<p>R\u012bgas pa\u0161vald\u012bbas 2026. gada bud\u017eets ir izstr\u0101d\u0101ts, \u0146emot v\u0113r\u0101 nepiecie\u0161am\u012bbu p\u0113c gudr\u0101kas un atbild\u012bg\u0101kas l\u012bdzek\u013cu izmanto\u0161anas. Priorit\u0101tes ir v\u0113rstas uz dro\u0161as, vesel\u012bgas un gudras pils\u0113tas veido\u0161anu, kur\u0101 \u0123imenes v\u0113las dz\u012bvot un palikt. Tiek pl\u0101nots turpin\u0101t da\u017e\u0101du infrastrukt\u016bras projektu att\u012bst\u012bbu, tostarp Van\u0161u tilta p\u0101rb\u016bvi un Kundzi\u0146salas p\u0101rvada pabeig\u0161anu. Lai gan bud\u017eeta t\u0113ri\u0146i p\u0101rsniedz ie\u0146\u0113mumus, defic\u012bts sagaid\u0101ms zem\u0101ks nek\u0101 iepriek\u0161\u0113jos gados. \u0160tatu optimiz\u0101cija ir viens no veidiem, k\u0101 pa\u0161vald\u012bba pl\u0101no nodro\u0161in\u0101t efekt\u012bv\u0101ku resursu izmanto\u0161anu turpm\u0101kajos gados.<\/p>\n","protected":false},"excerpt":{"rendered":"Bud\u017eeta izstr\u0101des laik\u0101 pl\u0101nota person\u0101la optimiz\u0101cija Atsevi\u0161\u0137os R\u012bgas pa\u0161vald\u012bbas departamentos \u0161ogad pl\u0101nota \u0161tatu samazin\u0101\u0161ana, \u0161odien tika publiskots R\u012bgas&hellip;\n","protected":false},"author":2,"featured_media":111703,"comment_status":"","ping_status":"","sticky":false,"template":"","format":"standard","meta":{"footnotes":""},"categories":[12],"tags":[23,28,29,32,33,22,30,31,35,39,38,36,37,34,40,20,24729,26207,26,27,26208,687,26206,24,25,21],"class_list":{"0":"post-111702","1":"post","2":"type-post","3":"status-publish","4":"format-standard","5":"has-post-thumbnail","7":"category-latvija","8":"tag-aktualitates","9":"tag-breaking-news","10":"tag-breakingnews","11":"tag-featured-news","12":"tag-featurednews","13":"tag-headlines","14":"tag-latest-news","15":"tag-latestnews","16":"tag-latvia","17":"tag-latvian","18":"tag-latviesu","19":"tag-latviesu-valoda","20":"tag-latviesuvaloda","21":"tag-latvija","22":"tag-lv","23":"tag-news","24":"tag-pasvaldibas-budzets","25":"tag-personala-optimizacija","26":"tag-popularakas-zinas","27":"tag-popularakaszinas","28":"tag-rigas-departamenti","29":"tag-rigas-dome","30":"tag-statu-samazinasana","31":"tag-top-stories","32":"tag-topstories","33":"tag-zinas"},"share_on_mastodon":{"url":"https:\/\/pubeurope.com\/@lv\/115944204767188334","error":""},"_links":{"self":[{"href":"https:\/\/www.europesays.com\/lv\/wp-json\/wp\/v2\/posts\/111702","targetHints":{"allow":["GET"]}}],"collection":[{"href":"https:\/\/www.europesays.com\/lv\/wp-json\/wp\/v2\/posts"}],"about":[{"href":"https:\/\/www.europesays.com\/lv\/wp-json\/wp\/v2\/types\/post"}],"author":[{"embeddable":true,"href":"https:\/\/www.europesays.com\/lv\/wp-json\/wp\/v2\/users\/2"}],"replies":[{"embeddable":true,"href":"https:\/\/www.europesays.com\/lv\/wp-json\/wp\/v2\/comments?post=111702"}],"version-history":[{"count":0,"href":"https:\/\/www.europesays.com\/lv\/wp-json\/wp\/v2\/posts\/111702\/revisions"}],"wp:featuredmedia":[{"embeddable":true,"href":"https:\/\/www.europesays.com\/lv\/wp-json\/wp\/v2\/media\/111703"}],"wp:attachment":[{"href":"https:\/\/www.europesays.com\/lv\/wp-json\/wp\/v2\/media?parent=111702"}],"wp:term":[{"taxonomy":"category","embeddable":true,"href":"https:\/\/www.europesays.com\/lv\/wp-json\/wp\/v2\/categories?post=111702"},{"taxonomy":"post_tag","embeddable":true,"href":"https:\/\/www.europesays.com\/lv\/wp-json\/wp\/v2\/tags?post=111702"}],"curies":[{"name":"wp","href":"https:\/\/api.w.org\/{rel}","templated":true}]}}