{"id":11172,"date":"2025-10-03T07:07:13","date_gmt":"2025-10-03T07:07:13","guid":{"rendered":"https:\/\/www.europesays.com\/lv\/11172\/"},"modified":"2025-10-03T07:07:13","modified_gmt":"2025-10-03T07:07:13","slug":"ukraina-no-gusta-atguvusi-vel-185-karavirus-un-20-civiliedzivotajus","status":"publish","type":"post","link":"https:\/\/www.europesays.com\/lv\/11172\/","title":{"rendered":"Ukraina no g\u016bsta atguvusi v\u0113l 185 karav\u012brus un 20 civiliedz\u012bvot\u0101jus"},"content":{"rendered":"<p>G\u016bstek\u0146u apmai\u0146as rezult\u0101t\u0101 <a href=\"https:\/\/www.apollo.lv\/term\/8497\/ukraina\" class=\"topicLink\" target=\"_blank\" rel=\"nofollow noopener\">Ukraina<\/a> atdevusi Krievijai 205 krievu milit\u0101rpersonas un civiliedz\u012bvot\u0101jus, pazi\u0146oja Kara g\u016bstek\u0146u jaut\u0101jumu koordin\u0101cijas \u0161t\u0101bs.<\/p>\n<p>&#8220;M\u0113s atgrie\u017eam m\u0101j\u0101s no Krievijas g\u016bsta 185 m\u016bsu aizst\u0101vjus. 183 ir ierindas karav\u012bri un ser\u017eanti, bet divi ir virsnieki. Tie ir Bru\u0146oto sp\u0113ku, Nacion\u0101l\u0101s gvardes un Valsts robe\u017esardzes karav\u012bri. Kop\u0101 ar aizst\u0101vjiem atgrie\u017eas ar\u012b civiliedz\u012bvot\u0101ji &#8211; 20 m\u016bsu cilv\u0113ki. Visiem noteikti tiks sniegts nepiecie\u0161amais atbalsts,&#8221; pazi\u0146oja prezidents.<\/p>\n<p>Jaun\u0101kajam no atbr\u012bvotajiem karav\u012briem ir 26 gadi, bet vec\u0101kajam &#8211; 59 gadi, liecina Kara g\u016bstek\u0146u jaut\u0101jumu koordin\u0101cijas \u0161t\u0101ba publiskot\u0101 inform\u0101cija.<\/p>\n","protected":false},"excerpt":{"rendered":"G\u016bstek\u0146u apmai\u0146as rezult\u0101t\u0101 Ukraina atdevusi Krievijai 205 krievu milit\u0101rpersonas un civiliedz\u012bvot\u0101jus, pazi\u0146oja Kara g\u016bstek\u0146u jaut\u0101jumu koordin\u0101cijas \u0161t\u0101bs. &#8220;M\u0113s&hellip;\n","protected":false},"author":2,"featured_media":11173,"comment_status":"","ping_status":"","sticky":false,"template":"","format":"standard","meta":{"footnotes":""},"categories":[14],"tags":[23,57,28,29,32,33,22,234,74,30,31,35,39,38,36,37,34,40,20,26,27,24,25,276,54,55,56,21,58],"class_list":{"0":"post-11172","1":"post","2":"type-post","3":"status-publish","4":"format-standard","5":"has-post-thumbnail","7":"category-zinas-no-arvalstim","8":"tag-aktualitates","9":"tag-arvalstim","10":"tag-breaking-news","11":"tag-breakingnews","12":"tag-featured-news","13":"tag-featurednews","14":"tag-headlines","15":"tag-krievija","16":"tag-krievijas-iebrukums-ukraina","17":"tag-latest-news","18":"tag-latestnews","19":"tag-latvia","20":"tag-latvian","21":"tag-latviesu","22":"tag-latviesu-valoda","23":"tag-latviesuvaloda","24":"tag-latvija","25":"tag-lv","26":"tag-news","27":"tag-popularakas-zinas","28":"tag-popularakaszinas","29":"tag-top-stories","30":"tag-topstories","31":"tag-ukraina","32":"tag-world","33":"tag-world-news","34":"tag-worldnews","35":"tag-zinas","36":"tag-zinas-no-arvalstim"},"share_on_mastodon":{"url":"","error":""},"_links":{"self":[{"href":"https:\/\/www.europesays.com\/lv\/wp-json\/wp\/v2\/posts\/11172","targetHints":{"allow":["GET"]}}],"collection":[{"href":"https:\/\/www.europesays.com\/lv\/wp-json\/wp\/v2\/posts"}],"about":[{"href":"https:\/\/www.europesays.com\/lv\/wp-json\/wp\/v2\/types\/post"}],"author":[{"embeddable":true,"href":"https:\/\/www.europesays.com\/lv\/wp-json\/wp\/v2\/users\/2"}],"replies":[{"embeddable":true,"href":"https:\/\/www.europesays.com\/lv\/wp-json\/wp\/v2\/comments?post=11172"}],"version-history":[{"count":0,"href":"https:\/\/www.europesays.com\/lv\/wp-json\/wp\/v2\/posts\/11172\/revisions"}],"wp:featuredmedia":[{"embeddable":true,"href":"https:\/\/www.europesays.com\/lv\/wp-json\/wp\/v2\/media\/11173"}],"wp:attachment":[{"href":"https:\/\/www.europesays.com\/lv\/wp-json\/wp\/v2\/media?parent=11172"}],"wp:term":[{"taxonomy":"category","embeddable":true,"href":"https:\/\/www.europesays.com\/lv\/wp-json\/wp\/v2\/categories?post=11172"},{"taxonomy":"post_tag","embeddable":true,"href":"https:\/\/www.europesays.com\/lv\/wp-json\/wp\/v2\/tags?post=11172"}],"curies":[{"name":"wp","href":"https:\/\/api.w.org\/{rel}","templated":true}]}}