{"id":11174,"date":"2025-10-03T07:09:07","date_gmt":"2025-10-03T07:09:07","guid":{"rendered":"https:\/\/www.europesays.com\/lv\/11174\/"},"modified":"2025-10-03T07:09:07","modified_gmt":"2025-10-03T07:09:07","slug":"pieprasa-noverst-nelikumigas-valsts-zemes-privatizacijas-sekas-bijusas-rupnicas-vulkans-teritorija","status":"publish","type":"post","link":"https:\/\/www.europesays.com\/lv\/11174\/","title":{"rendered":"Pieprasa nov\u0113rst nelikum\u012bgas valsts zemes privatiz\u0101cijas sekas biju\u0161\u0101s r\u016bpn\u012bcas &#8220;Vulk\u0101ns&#8221; teritorij\u0101"},"content":{"rendered":"<p>Prokurat\u016br\u0101 veikta Kuld\u012bgas novada pa\u0161vald\u012bbas iesnieguma p\u0101rbaude par pa\u0161vald\u012bbas ties\u012bbu p\u0101rk\u0101pumu saist\u012bb\u0101 ar \u012bpa\u0161uma ties\u012bbu nostiprin\u0101\u0161anu akciju sabiedr\u012bbai &#8220;Latvijas biznesa centrs&#8221; uz \u0113ku \u012bpa\u0161umu, kas atrodas Jelgavas iel\u0101 45, Kuld\u012bg\u0101.<\/p>\n<blockquote class=\"quote ck-widget\" contenteditable=\"false\">\n<p>Prokurora p\u0101rbaud\u0113 konstat\u0113ts, ka 2024.gad\u0101 zemesgr\u0101mat\u0101 re\u0123istr\u0113t\u0101 \u012bpa\u0161uma ties\u012bbu p\u0101reja no l\u012bdz\u0161in\u0113j\u0101 \u0113ku \u012bpa\u0161nieka &#8211; fiziskas personas &#8211; uz Latvijas biznesa centru veikta nelikum\u012bgi.<\/p>\n<\/blockquote>\n<p>Tas ir, p\u0113c \u0113ku p\u0101rdo\u0161anas dar\u012bjuma nosl\u0113g\u0161anas nav ticis samaks\u0101ts likum\u0101 paredz\u0113tais nekustam\u0101 \u012bpa\u0161uma nodok\u013ca maks\u0101jums pa\u0161vald\u012bbai, k\u0101 ar\u012b pirmpirkuma ties\u012bbas uz \u0113ku ieg\u0101di nav pied\u0101v\u0101tas valstij &#8211; k\u0101 zemes gabala, kur\u0161 funkcion\u0101li saist\u012bts ar p\u0101rdotaj\u0101m \u0113k\u0101m, \u012bpa\u0161niecei.<\/p>\n<p>P\u0113c \u012bpa\u0161uma ties\u012bbu nostiprin\u0101\u0161anas zemesgr\u0101mat\u0101 uz biju\u0161\u0101s r\u016bpn\u012bcas &#8220;Vulk\u0101ns&#8221; ra\u017eo\u0161anas kompleksa \u0113k\u0101m Latvijas biznesa centrs izmantojis ties\u012bbas privatiz\u0113t valsts zemes gabalu, kas funkcion\u0101li saist\u012bts ar \u0113k\u0101m saska\u0146\u0101 ar noteikumiem, k\u0101d\u0101 veicama apb\u016bv\u0113ta zemes gabala privatiz\u0101cija.<\/p>\n<p>Konstat\u0113jot iepriek\u0161 min\u0113tos likuma p\u0101rk\u0101pumus, prokurors iesniedzis pras\u012bbas pieteikumu Kurzemes rajona ties\u0101 par attiec\u012bgo ierakstu dz\u0113\u0161anu zemesgr\u0101mat\u0101. K\u0101 ar\u012b prokurors v\u0113rsies sabiedr\u012bb\u0101 ar ierobe\u017eotu atbild\u012bbu &#8220;Publisko akt\u012bvu p\u0101rvald\u012bt\u0101js Possessor&#8221; ar prokurora iesniegumu un protestu, pieprasot l\u012bdz 28.oktobrim nov\u0113rst nelikum\u012bgas valsts zemes privatiz\u0101cijas sekas.<\/p>\n","protected":false},"excerpt":{"rendered":"Prokurat\u016br\u0101 veikta Kuld\u012bgas novada pa\u0161vald\u012bbas iesnieguma p\u0101rbaude par pa\u0161vald\u012bbas ties\u012bbu p\u0101rk\u0101pumu saist\u012bb\u0101 ar \u012bpa\u0161uma ties\u012bbu nostiprin\u0101\u0161anu akciju sabiedr\u012bbai&hellip;\n","protected":false},"author":2,"featured_media":11175,"comment_status":"","ping_status":"","sticky":false,"template":"","format":"standard","meta":{"footnotes":""},"categories":[5],"tags":[23,28,29,32,33,22,828,30,31,35,39,38,36,37,34,40,4139,4138,20,26,27,374,24,25,21],"class_list":{"0":"post-11174","1":"post","2":"type-post","3":"status-publish","4":"format-standard","5":"has-post-thumbnail","7":"category-aktualitates","8":"tag-aktualitates","9":"tag-breaking-news","10":"tag-breakingnews","11":"tag-featured-news","12":"tag-featurednews","13":"tag-headlines","14":"tag-kuldiga","15":"tag-latest-news","16":"tag-latestnews","17":"tag-latvia","18":"tag-latvian","19":"tag-latviesu","20":"tag-latviesu-valoda","21":"tag-latviesuvaloda","22":"tag-latvija","23":"tag-lv","24":"tag-nekustamais-ipasums","25":"tag-nekustamie-ipasumi","26":"tag-news","27":"tag-popularakas-zinas","28":"tag-popularakaszinas","29":"tag-prokuratura","30":"tag-top-stories","31":"tag-topstories","32":"tag-zinas"},"share_on_mastodon":{"url":"","error":""},"_links":{"self":[{"href":"https:\/\/www.europesays.com\/lv\/wp-json\/wp\/v2\/posts\/11174","targetHints":{"allow":["GET"]}}],"collection":[{"href":"https:\/\/www.europesays.com\/lv\/wp-json\/wp\/v2\/posts"}],"about":[{"href":"https:\/\/www.europesays.com\/lv\/wp-json\/wp\/v2\/types\/post"}],"author":[{"embeddable":true,"href":"https:\/\/www.europesays.com\/lv\/wp-json\/wp\/v2\/users\/2"}],"replies":[{"embeddable":true,"href":"https:\/\/www.europesays.com\/lv\/wp-json\/wp\/v2\/comments?post=11174"}],"version-history":[{"count":0,"href":"https:\/\/www.europesays.com\/lv\/wp-json\/wp\/v2\/posts\/11174\/revisions"}],"wp:featuredmedia":[{"embeddable":true,"href":"https:\/\/www.europesays.com\/lv\/wp-json\/wp\/v2\/media\/11175"}],"wp:attachment":[{"href":"https:\/\/www.europesays.com\/lv\/wp-json\/wp\/v2\/media?parent=11174"}],"wp:term":[{"taxonomy":"category","embeddable":true,"href":"https:\/\/www.europesays.com\/lv\/wp-json\/wp\/v2\/categories?post=11174"},{"taxonomy":"post_tag","embeddable":true,"href":"https:\/\/www.europesays.com\/lv\/wp-json\/wp\/v2\/tags?post=11174"}],"curies":[{"name":"wp","href":"https:\/\/api.w.org\/{rel}","templated":true}]}}