{"id":111744,"date":"2026-01-23T12:22:07","date_gmt":"2026-01-23T12:22:07","guid":{"rendered":"https:\/\/www.europesays.com\/lv\/111744\/"},"modified":"2026-01-23T12:22:07","modified_gmt":"2026-01-23T12:22:07","slug":"pasniegtas-aizsardzibas-un-drosibas-industriju-gada-balvas","status":"publish","type":"post","link":"https:\/\/www.europesays.com\/lv\/111744\/","title":{"rendered":"Pasniegtas aizsardz\u012bbas un dro\u0161\u012bbas industriju gada balvas"},"content":{"rendered":"<p>T\u0101pat p\u0113rn \u012bstenoti invest\u012bciju projekti ar publisko un priv\u0101to finans\u0113jumu, lai stiprin\u0101tu Latvijas bru\u0146oto sp\u0113ku kaujassp\u0113jas, nostiprin\u0101tu tehnolo\u0123isko p\u0101r\u0101kumu un eksportsp\u0113ju. Virkne projektu briedumu sasniegs tikai p\u0113c p\u0101ris gadiem, vienlaikus ir uz\u0146\u0113mumi un zin\u0101tnieki, kas darba aug\u013cus redz jau pa\u0161laik, skaidro &#8220;DAIF Latvija&#8221;.<\/p>\n<p>T\u0101d\u0113\u013c &#8220;DAIF Latvija&#8221; astoto gadu organiz\u0113ja pas\u0101kumu &#8220;Latvijas Aizsardz\u012bbas un dro\u0161\u012bbas industriju gada balva&#8221;, izv\u0113rt\u0113jot gada laik\u0101 noz\u012bm\u012bg\u0101kos sasniegumus. \u0160\u012b balva \u013cauj saskat\u012bt noz\u012bm\u012bg\u0101kos sasniegumus aizsardz\u012bbas un dro\u0161\u012bbas industrij\u0101, veicina aizsardz\u012bbas un iek\u0161\u0113j\u0101s dro\u0161\u012bbas nozaru att\u012bst\u012bbu un industrijas starptautisko konkur\u0113tsp\u0113ju.<\/p>\n<p>Uz\u0146\u0113mumi, izgl\u012bt\u012bbas un p\u0113tniec\u012bbas iest\u0101des saska\u0146\u0101 ar gada balvas nolikumu tika aicin\u0101ti sniegt pieteikums, kurus izv\u0113rt\u0113ja \u017e\u016brija. \u017d\u016briju veidoja &#8220;DAIF Latvija&#8221; sadarb\u012bbas partneri &#8211; Saeimas Aizsardz\u012bbas, iek\u0161lietu un korupcijas nov\u0113r\u0161anas komisijas Visaptvero\u0161as valsts aizsardz\u012bbas apak\u0161komisijas priek\u0161s\u0113d\u0113t\u0101js Igors Rajevs, Latvijas Zin\u0101t\u0146u akad\u0113mijas \u0101rlietu sekret\u0101rs, akad\u0113mi\u0137is Modris Greit\u0101ns, Aizsardz\u012bbas ministrijas ministra padomniece aizsardz\u012bbas industrijas att\u012bst\u012bbas jaut\u0101jumos Inese Tauri\u0146a, Iek\u0161lietu ministrijas Nozares politikas departamenta direktors Gatis \u0160vika, \u0100rlietu ministrijas Ekonomisk\u0101s diplom\u0101tijas departamenta direktoru Reinis Trok\u0161a, Vied\u0101s administr\u0101cijas un re\u0123ion\u0101l\u0101s att\u012bst\u012bbas ministrijas vado\u0161ais eksperts Arnis \u0160ults, Ekonomikas ministrijas Uz\u0146\u0113m\u0113jdarb\u012bbas atbalsta departamenta direktore Ilze Lore, Izgl\u012bt\u012bbas un zin\u0101tnes ministrijas Augst\u0101k\u0101s izgl\u012bt\u012bbas, zin\u0101tnes un inov\u0101ciju departamenta direktora vietniece zin\u0101tnes jom\u0101 Anna Lei\u0161kalne un &#8220;DAIF Latvija&#8221; valdes priek\u0161s\u0113d\u0113t\u0101ja El\u012bna Egle-Lo\u010dmele.<\/p>\n","protected":false},"excerpt":{"rendered":"T\u0101pat p\u0113rn \u012bstenoti invest\u012bciju projekti ar publisko un priv\u0101to finans\u0113jumu, lai stiprin\u0101tu Latvijas bru\u0146oto sp\u0113ku kaujassp\u0113jas, nostiprin\u0101tu tehnolo\u0123isko&hellip;\n","protected":false},"author":2,"featured_media":111745,"comment_status":"","ping_status":"","sticky":false,"template":"","format":"standard","meta":{"footnotes":""},"categories":[12],"tags":[1546,23,28,29,32,33,22,30,31,35,39,38,36,37,34,26221,40,20,26,27,24,25,793,21],"class_list":{"0":"post-111744","1":"post","2":"type-post","3":"status-publish","4":"format-standard","5":"has-post-thumbnail","7":"category-latvija","8":"tag-aizsardziba","9":"tag-aktualitates","10":"tag-breaking-news","11":"tag-breakingnews","12":"tag-featured-news","13":"tag-featurednews","14":"tag-headlines","15":"tag-latest-news","16":"tag-latestnews","17":"tag-latvia","18":"tag-latvian","19":"tag-latviesu","20":"tag-latviesu-valoda","21":"tag-latviesuvaloda","22":"tag-latvija","23":"tag-latvijas-drosibas-un-aizsardzibas-industriju-federacija","24":"tag-lv","25":"tag-news","26":"tag-popularakas-zinas","27":"tag-popularakaszinas","28":"tag-top-stories","29":"tag-topstories","30":"tag-uznemejdarbiba","31":"tag-zinas"},"share_on_mastodon":{"url":"https:\/\/pubeurope.com\/@lv\/115944393442294558","error":""},"_links":{"self":[{"href":"https:\/\/www.europesays.com\/lv\/wp-json\/wp\/v2\/posts\/111744","targetHints":{"allow":["GET"]}}],"collection":[{"href":"https:\/\/www.europesays.com\/lv\/wp-json\/wp\/v2\/posts"}],"about":[{"href":"https:\/\/www.europesays.com\/lv\/wp-json\/wp\/v2\/types\/post"}],"author":[{"embeddable":true,"href":"https:\/\/www.europesays.com\/lv\/wp-json\/wp\/v2\/users\/2"}],"replies":[{"embeddable":true,"href":"https:\/\/www.europesays.com\/lv\/wp-json\/wp\/v2\/comments?post=111744"}],"version-history":[{"count":0,"href":"https:\/\/www.europesays.com\/lv\/wp-json\/wp\/v2\/posts\/111744\/revisions"}],"wp:featuredmedia":[{"embeddable":true,"href":"https:\/\/www.europesays.com\/lv\/wp-json\/wp\/v2\/media\/111745"}],"wp:attachment":[{"href":"https:\/\/www.europesays.com\/lv\/wp-json\/wp\/v2\/media?parent=111744"}],"wp:term":[{"taxonomy":"category","embeddable":true,"href":"https:\/\/www.europesays.com\/lv\/wp-json\/wp\/v2\/categories?post=111744"},{"taxonomy":"post_tag","embeddable":true,"href":"https:\/\/www.europesays.com\/lv\/wp-json\/wp\/v2\/tags?post=111744"}],"curies":[{"name":"wp","href":"https:\/\/api.w.org\/{rel}","templated":true}]}}