{"id":111748,"date":"2026-01-23T12:28:08","date_gmt":"2026-01-23T12:28:08","guid":{"rendered":"https:\/\/www.europesays.com\/lv\/111748\/"},"modified":"2026-01-23T12:28:08","modified_gmt":"2026-01-23T12:28:08","slug":"ptac-bridina-par-bernu-drosibas-riskiem-dreilinkalna-aicina-rigas-domi-nekavejoties-rikoties","status":"publish","type":"post","link":"https:\/\/www.europesays.com\/lv\/111748\/","title":{"rendered":"PTAC br\u012bdina par b\u0113rnu dro\u0161\u012bbas riskiem Dreili\u0146kaln\u0101. Aicina R\u012bgas domi nekav\u0113joties r\u012bkoties"},"content":{"rendered":"<p>PTAC aicina vec\u0101kus nepa\u013cauties uz pie\u0146\u0113mumu, ka publiska vieta autom\u0101tiski ir dro\u0161a. Pirms \u013caut b\u0113rniem izmantot kalnu, PTAC aicina p\u0101rliecin\u0101ties par nobrauciena dro\u0161\u012bbu, \u0161\u0137\u0113r\u0161\u013ciem, k\u0101 ar\u012b apsv\u0113rt aizsargekip\u0113juma, piem\u0113ram, \u0137iveres, lieto\u0161anu.<\/p>\n<p>PTAC uzsver, ka situ\u0101cij\u0101s, kur vide nav piel\u0101gota dro\u0161ai atp\u016btai, \u012bpa\u0161i svar\u012bga ir vec\u0101ku kl\u0101tb\u016btne, uzman\u012bba un kritisks l\u0113mums, vai konkr\u0113t\u0101 aktivit\u0101te konkr\u0113taj\u0101 viet\u0101 ir pie\u013caujama.<\/p>\n<p>Jau zi\u0146ots, ka iesp\u0113jamo traumatisma risku d\u0113\u013c R\u012bgas vicem\u0113rs Edvards Ratnieks (NA) aicina viet\u0113jo apkaimju vec\u0101kus ierobe\u017eot b\u0113rniem Dreili\u0146kalna st\u0101vo nog\u0101\u017eu izmanto\u0161anu.<\/p>\n<p>Ratnieks aicina ne\u013caut b\u0113rniem izmantot Dreili\u0146kalnu brauk\u0161anai ar ragavi\u0146\u0101m, s\u013c\u016bk\u0161anai ar pal\u012bgl\u012bdzek\u013ciem vai brauk\u0161anai ar sl\u0113p\u0113m. T\u0101 viet\u0101 ikviens varot izmantot pils\u0113tas izveidoto distan\u010du sl\u0113po\u0161anas trasi kalna pak\u0101j\u0113.<\/p>\n<p>Ratnieka v\u0113rt\u0113jum\u0101, kalnam ir garas un st\u0101vas nog\u0101zes, turkl\u0101t t\u0101s tagad ir slidenas, kas \u013cauj att\u012bst\u012bt lielu brauk\u0161anas \u0101trumu un rada b\u012bstam\u012bbu. Pa\u0161vald\u012bba esot sa\u0146\u0113musi inform\u0101ciju par vair\u0101k\u0101m g\u016bt\u0101m traum\u0101m.<\/p>\n<p>Pa\u0161vald\u012bb\u0101 inform\u0113, ka Dreili\u0146kalns pagaid\u0101m nav paredz\u0113ts akt\u012bv\u0101s atp\u016btas izmanto\u0161anai un uz to attiecas vair\u0101ki Valsts vides dienesta ierobe\u017eojumi, \u0146emot v\u0113r\u0101, ka t\u0101 ir rekultiv\u0113t\u0101 izg\u0101ztuves teritorija. Pa\u0161vald\u012bba ir noteikusi, ka \u0161\u012b teritorija ir atv\u0113rta tikai pastaig\u0101m.<\/p>\n<p>Ratnieks uzdevis atbild\u012bgajam R\u012bgas domes M\u0101jok\u013cu un vides departamentam izv\u0113rt\u0113t situ\u0101ciju un nepiecie\u0161am\u012bbas gad\u012bjum\u0101 rast risin\u0101jumu z\u012bm\u0113m, kas papildus br\u012bdin\u0101tu vec\u0101kus un b\u0113rnus par dro\u0161\u012bbas riskiem uz kalna.<\/p>\n","protected":false},"excerpt":{"rendered":"PTAC aicina vec\u0101kus nepa\u013cauties uz pie\u0146\u0113mumu, ka publiska vieta autom\u0101tiski ir dro\u0161a. Pirms \u013caut b\u0113rniem izmantot kalnu, PTAC&hellip;\n","protected":false},"author":2,"featured_media":104295,"comment_status":"","ping_status":"","sticky":false,"template":"","format":"standard","meta":{"footnotes":""},"categories":[12],"tags":[23,28,29,32,33,22,30,31,35,39,38,36,37,34,40,20,26,27,4211,172,687,24,25,21],"class_list":{"0":"post-111748","1":"post","2":"type-post","3":"status-publish","4":"format-standard","5":"has-post-thumbnail","7":"category-latvija","8":"tag-aktualitates","9":"tag-breaking-news","10":"tag-breakingnews","11":"tag-featured-news","12":"tag-featurednews","13":"tag-headlines","14":"tag-latest-news","15":"tag-latestnews","16":"tag-latvia","17":"tag-latvian","18":"tag-latviesu","19":"tag-latviesu-valoda","20":"tag-latviesuvaloda","21":"tag-latvija","22":"tag-lv","23":"tag-news","24":"tag-popularakas-zinas","25":"tag-popularakaszinas","26":"tag-ptac","27":"tag-riga","28":"tag-rigas-dome","29":"tag-top-stories","30":"tag-topstories","31":"tag-zinas"},"share_on_mastodon":{"url":"https:\/\/pubeurope.com\/@lv\/115944417037377193","error":""},"_links":{"self":[{"href":"https:\/\/www.europesays.com\/lv\/wp-json\/wp\/v2\/posts\/111748","targetHints":{"allow":["GET"]}}],"collection":[{"href":"https:\/\/www.europesays.com\/lv\/wp-json\/wp\/v2\/posts"}],"about":[{"href":"https:\/\/www.europesays.com\/lv\/wp-json\/wp\/v2\/types\/post"}],"author":[{"embeddable":true,"href":"https:\/\/www.europesays.com\/lv\/wp-json\/wp\/v2\/users\/2"}],"replies":[{"embeddable":true,"href":"https:\/\/www.europesays.com\/lv\/wp-json\/wp\/v2\/comments?post=111748"}],"version-history":[{"count":0,"href":"https:\/\/www.europesays.com\/lv\/wp-json\/wp\/v2\/posts\/111748\/revisions"}],"wp:featuredmedia":[{"embeddable":true,"href":"https:\/\/www.europesays.com\/lv\/wp-json\/wp\/v2\/media\/104295"}],"wp:attachment":[{"href":"https:\/\/www.europesays.com\/lv\/wp-json\/wp\/v2\/media?parent=111748"}],"wp:term":[{"taxonomy":"category","embeddable":true,"href":"https:\/\/www.europesays.com\/lv\/wp-json\/wp\/v2\/categories?post=111748"},{"taxonomy":"post_tag","embeddable":true,"href":"https:\/\/www.europesays.com\/lv\/wp-json\/wp\/v2\/tags?post=111748"}],"curies":[{"name":"wp","href":"https:\/\/api.w.org\/{rel}","templated":true}]}}