{"id":111751,"date":"2026-01-23T12:34:07","date_gmt":"2026-01-23T12:34:07","guid":{"rendered":"https:\/\/www.europesays.com\/lv\/111751\/"},"modified":"2026-01-23T12:34:07","modified_gmt":"2026-01-23T12:34:07","slug":"foto-daif-latvija-pasniedz-latvijas-aizsardzibas-un-drosibas-industriju-gada-balvas-2026-dienas-bizness","status":"publish","type":"post","link":"https:\/\/www.europesays.com\/lv\/111751\/","title":{"rendered":"FOTO: DAIF Latvija pasniedz Latvijas Aizsardz\u012bbas un dro\u0161\u012bbas industriju gada balvas 2026 :: Dienas Bizness"},"content":{"rendered":"<p class=\"text-font font-size--text-xlarge margin-3--bottom font-weight--bold padding-1--top\">XI Industrijas dien\u0101 NBS laik\u0101 Latvijas Dro\u0161\u012bbas un aizsardz\u012bbas industriju feder\u0101cija (DAIF Latvija) kop\u0101 ar sadarb\u012bbas partneriem sveic \u2018\u2019Latvijas Aizsardz\u012bbas un dro\u0161\u012bbas industriju gada balvu 2026\u2019\u2019 ieguv\u0113jus.<\/p>\n<p class=\"text-font font-size--text-xlarge margin-3--bottom\">Aizsardz\u012bbas un dro\u0161\u012bbas industrij\u0101s 2025. gads ir bijis dinamisks virkn\u0113 tautsaimniec\u012bbas sektoru. Strauju att\u012bst\u012bbu turpin\u0101ju dronu platformas, pretdronu sist\u0113mas un bezpilotu sist\u0113m\u0101m noz\u012bm\u012bgas komponentes. P\u0101rdo\u0161anas apjomus k\u0101pin\u0101ja ma\u0161\u012bnb\u016bve, met\u0101lapstr\u0101de un elektronikas uz\u0146\u0113mumi. Pieauga piepras\u012bjums p\u0113c in\u017eeniertehniskajiem, kiberdro\u0161\u012bbas, b\u016bvniec\u012bbas un lo\u0123istkas pakalpojumiem. \u012astenoti invest\u012bciju projekti ar publisko un priv\u0101to finans\u0113jumu, lai stiprin\u0101tu Latvijas bru\u0146oto sp\u0113ku kaujassp\u0113jas, notiprin\u0101tu tehnolo\u0123isko p\u0101r\u0101kumu un eksportsp\u0113ju. Virkne projektu savu briedumu sasniegs tikai p\u0113c p\u0101ris gadiem, vienlaikus ir uz\u0146\u0113mumi un zin\u0101tnieki, kas sava darba aug\u013cus redz jau pa\u0161laik. T\u0101d\u0113\u013c DAIF Latvija jau astoto gadu organiz\u0113 pas\u0101kumu \u201cLatvijas Aizsardz\u012bbas un dro\u0161\u012bbas industriju gada balva\u201d, izv\u0113rt\u0113jot gada laik\u0101 noz\u012bm\u012bg\u0101kos sasniegumus. \u0160\u012b balva \u013cauj saskat\u012bt noz\u012bm\u012bg\u0101kos sasniegumus aizsardz\u012bbas un dro\u0161\u012bbas industrij\u0101, veicina aizsardz\u012bbas un iek\u0161\u0113j\u0101s dro\u0161\u012bbas nozaru att\u012bst\u012bbu un industrijas starptautisko konkur\u0113tsp\u0113ju.<\/p>\n<p class=\"text-font font-size--text-xlarge margin-3--bottom\">&#8220;Latvijas uz\u0146\u0113mumos un p\u0113tniec\u012bbas iest\u0101d\u0113s str\u0101d\u0101jo\u0161ie uzr\u0101da cien\u012bgu ap\u0146\u0113m\u012bbu, drosmi un sp\u0113ju past\u0101v\u012bgi inov\u0113t jaunus produktus, veidot partner\u012bbas un apg\u016bt jaunus tirgus. \u0160aj\u0101 trauksmainaj\u0101 period\u0101 Latvijas aizsardz\u012bbas nozares un industrijas sp\u0113ja sadarboties un piem\u0113roties izaicin\u0101jumiem, radot atbilsto\u0161us risin\u0101jumus un produktus past\u0101v\u012bgam apdraud\u0113jumam da\u017e\u0101dos dom\u0113nos, ir iz\u0161\u0137iro\u0161a. \u201cLatvijas Aizsardz\u012bbas un dro\u0161\u012bbas industriju gada balva\u201d apliecina, ka esam vieda tauta un, kad fokus\u0113jamies uz izcil\u012bbu, pan\u0101kumi ir likumsakar\u012bgi&#8221; \u2013 saka DAIF valdes priek\u0161s\u0113d\u0113t\u0101ja El\u012bna Egle.<\/p>\n<p class=\"text-font font-size--text-xlarge margin-3--bottom\">DAIF Latvija izveidot\u0101 \u017e\u016brija izv\u0113rt\u0113ja pieteikumus par uz\u0146\u0113mumu, izgl\u012bt\u012bbas un p\u0113tniec\u012bbas iest\u0101\u017eu sasniegumiem 2025.gad\u0101.<\/p>\n<p class=\"text-font font-size--text-xlarge margin-3--bottom\">\u2018\u2019Latvijas Aizsardz\u012bbas un dro\u0161\u012bbas industriju gada balvu 2026\u2019\u2019 sa\u0146ems:<\/p>\n<p class=\"text-font font-size--text-xlarge margin-3--bottom\">Nomin\u0101cij\u0101 \u2018\u2019Inov\u0101cija\u2019\u2019 \u2013 jau otro gadu pan\u0101kumus g\u016bst SIA Origin Robotics par izstr\u0101d\u0101to autonomu p\u0101rtv\u0113r\u0113jdronu BLAZE. J\u0101atz\u012bm\u0113, ka p\u0101rtv\u0113r\u0113jdrons jau pieg\u0101d\u0101ts Latvijas un Be\u013c\u0123ijas bru\u0146otajiem sp\u0113kiem.<\/p>\n<p class=\"text-font font-size--text-xlarge margin-3--bottom\">Nomin\u0101cij\u0101 \u2018\u2019Eksports\u2019\u2019 &#8211; SIA Perkons Energy par baro\u0161anas bloku ra\u017eo\u0161anu un eksportu. Baro\u0161anas bloki paredz\u0113ti visu veida autonomo sist\u0113mu darb\u012bbai. Bateriju pakas pieg\u0101d\u0101tas vair\u0101k k\u0101 50 da\u017e\u0101diem klientiem un 20 valst\u012bs, 4 kontinentos.<\/p>\n<p class=\"text-font font-size--text-xlarge margin-3--bottom\">Nomin\u0101cij\u0101 \u2018\u2019Izaugsme\u2019\u2019 &#8211; SIA Edge Autonomy Riga ra\u017eo\u0161anas kapacit\u0101tes palielin\u0101\u0161anu un eksporta poz\u012bciju nostiprin\u0101\u0161anu. Edge Autonomy Riga atkl\u0101ja jaunu 10 000 m\u00b2 ra\u017eo\u0161anas r\u016bpn\u012bcu R\u012bg\u0101, gandr\u012bz dubultojot iepriek\u0161\u0113jo ra\u017eo\u0161anas kapacit\u0101ti un apr\u012bkojot to ar modern\u0101m iek\u0101rt\u0101m un tehnolo\u0123ij\u0101m, kas nodro\u0161ina augstu precizit\u0101ti un efektivit\u0101ti.<\/p>\n<p class=\"text-font font-size--text-xlarge margin-3--bottom\">Nomin\u0101cij\u0101 \u2018\u2019Partner\u012bba\u2019\u2019 \u2013 SIA Exonicus R&amp;D par XR medic\u012bnisk\u0101s simul\u0101cijas platformu MilExTS (Military Exonicus Trauma Simulator). Viens no noz\u012bm\u012bg\u0101kajiem MilExTS praktiskajiem pielietojumiem 2025. gad\u0101 bija platformas piln\u012bga lokaliz\u0101cija ukrai\u0146u valod\u0101 un piel\u0101go\u0161ana Ukrainas Bru\u0146oto sp\u0113ku 3. triecienbrig\u0101des apm\u0101c\u012bbu vajadz\u012bb\u0101m.<\/p>\n<p class=\"text-font font-size--text-xlarge margin-3--bottom\">Nomin\u0101cij\u0101 \u2018\u2019Izgl\u012bt\u012bba\u2019\u2019 &#8211; Latvijas Universit\u0101tes R\u012bgas Medic\u012bnas koled\u017eai par Imers\u012bvo tehnolo\u0123iju un Simul\u0101ciju laboratorijas izveidi.<\/p>\n<p class=\"text-font font-size--text-xlarge margin-3--bottom\">Nomin\u0101cij\u0101 \u2018\u2019P\u0113tniec\u012bba\u2019\u2019 \u2013 Latvijas Universit\u0101tes Eksakto zin\u0101t\u0146u un tehnolo\u0123iju fakult\u0101te, k\u0101 zin\u0101tniski sp\u0113c\u012bga uz inov\u0101cij\u0101m orient\u0113ta partnere Latvijas dro\u0161\u012bbas un aizsardz\u012bbas industrijas kop\u0113j\u0101 ekosist\u0113m\u0101.<\/p>\n<p class=\"text-font font-size--text-xlarge margin-3--bottom\">Atzin\u012bbas raksti tiks pasniegti LU EZTF p\u0113tniekiem: El\u012bnai Pajustei, J\u0101nim Karu\u0161am, Andrejam Mozeram, Reinim Lazda un Ingum Mitrofanovam.<\/p>\n<p class=\"text-font font-size--text-xlarge margin-3--bottom\">\u017d\u016brijas \u012bpa\u0161\u0101 atzin\u012bba \u0161ogad tiek pasniegta SIA AGM Orthopaedics par TRUST\u00ae taktisko \u017e\u0146augu &#8211; \u0101trai, dro\u0161ai un intuit\u012bvai dz\u012bv\u012bbai b\u012bstamas asi\u0146o\u0161anas aptur\u0113\u0161anai.<\/p>\n<p class=\"text-font font-size--text-xlarge margin-3--bottom\">Uz\u0146\u0113mumi, izgl\u012bt\u012bbas un p\u0113tniec\u012bbas iest\u0101des saska\u0146\u0101 gada balvas nolikumu tika aicin\u0101ti sniegt pieteikums, kurus izv\u0113rt\u0113ja \u017e\u016brija. \u017d\u016briju veidoja DAIF Latvija sadarb\u012bbas partneri: Saeimas Aizsardz\u012bbas, iek\u0161lietu un korupcijas nov\u0113r\u0161anas komisijas Visaptvero\u0161as valsts aizsardz\u012bbas apak\u0161komisijas priek\u0161s\u0113d\u0113t\u0101js Igors Rajevs, Latvijas Zin\u0101t\u0146u akad\u0113mijas \u0101rlietu sekret\u0101rs, akad\u0113mi\u0137is Modris Greit\u0101ns, Aizsardz\u012bbas ministrijas ministra padomniece aizsardz\u012bbas industrijas att\u012bst\u012bbas jaut\u0101jumos Inese Tauri\u0146a, Iek\u0161lietu ministrijas Nozares politikas departamenta direktors Gatis \u0160vika, \u0100rlietu ministrijas Ekonomisk\u0101s diplom\u0101tijas departamenta direktoru Reinis Trok\u0161a, Vied\u0101s administr\u0101cijas un re\u0123ion\u0101l\u0101s att\u012bst\u012bbas ministrijas vado\u0161ais eksperts Arnis \u0160ults, Ekonomikas ministrijas Uz\u0146\u0113m\u0113jdarb\u012bbas atbalsta departamenta direktore Ilze Lore, Izgl\u012bt\u012bbas un zin\u0101tnes ministrijas Augst\u0101k\u0101s izgl\u012bt\u012bbas, zin\u0101tnes un inov\u0101ciju departamenta direktora vietniece zin\u0101tnes jom\u0101 Anna Lei\u0161kalne, DAIF Latvija valdes priek\u0161s\u0113d\u0113t\u0101ja El\u012bna Egle-Lo\u010dmele.<\/p>\n<p>Skat\u012bties p\u0101r\u0113jos att\u0113lus<\/p>\n","protected":false},"excerpt":{"rendered":"XI Industrijas dien\u0101 NBS laik\u0101 Latvijas Dro\u0161\u012bbas un aizsardz\u012bbas industriju feder\u0101cija (DAIF Latvija) kop\u0101 ar sadarb\u012bbas partneriem sveic&hellip;\n","protected":false},"author":2,"featured_media":111688,"comment_status":"","ping_status":"","sticky":false,"template":"","format":"standard","meta":{"footnotes":""},"categories":[12],"tags":[23,869,77,870,28,29,867,32,33,22,30,31,35,39,38,36,37,34,871,868,40,20,26,27,24,25,21],"class_list":{"0":"post-111751","1":"post","2":"type-post","3":"status-publish","4":"format-standard","5":"has-post-thumbnail","7":"category-latvija","8":"tag-aktualitates","9":"tag-biznesa-zinas","10":"tag-bizness","11":"tag-bizness-latvija","12":"tag-breaking-news","13":"tag-breakingnews","14":"tag-dienas-zinas","15":"tag-featured-news","16":"tag-featurednews","17":"tag-headlines","18":"tag-latest-news","19":"tag-latestnews","20":"tag-latvia","21":"tag-latvian","22":"tag-latviesu","23":"tag-latviesu-valoda","24":"tag-latviesuvaloda","25":"tag-latvija","26":"tag-latvijas-biznesa-zinas","27":"tag-latvijas-zinas","28":"tag-lv","29":"tag-news","30":"tag-popularakas-zinas","31":"tag-popularakaszinas","32":"tag-top-stories","33":"tag-topstories","34":"tag-zinas"},"share_on_mastodon":{"url":"https:\/\/pubeurope.com\/@lv\/115944440635336181","error":""},"_links":{"self":[{"href":"https:\/\/www.europesays.com\/lv\/wp-json\/wp\/v2\/posts\/111751","targetHints":{"allow":["GET"]}}],"collection":[{"href":"https:\/\/www.europesays.com\/lv\/wp-json\/wp\/v2\/posts"}],"about":[{"href":"https:\/\/www.europesays.com\/lv\/wp-json\/wp\/v2\/types\/post"}],"author":[{"embeddable":true,"href":"https:\/\/www.europesays.com\/lv\/wp-json\/wp\/v2\/users\/2"}],"replies":[{"embeddable":true,"href":"https:\/\/www.europesays.com\/lv\/wp-json\/wp\/v2\/comments?post=111751"}],"version-history":[{"count":0,"href":"https:\/\/www.europesays.com\/lv\/wp-json\/wp\/v2\/posts\/111751\/revisions"}],"wp:featuredmedia":[{"embeddable":true,"href":"https:\/\/www.europesays.com\/lv\/wp-json\/wp\/v2\/media\/111688"}],"wp:attachment":[{"href":"https:\/\/www.europesays.com\/lv\/wp-json\/wp\/v2\/media?parent=111751"}],"wp:term":[{"taxonomy":"category","embeddable":true,"href":"https:\/\/www.europesays.com\/lv\/wp-json\/wp\/v2\/categories?post=111751"},{"taxonomy":"post_tag","embeddable":true,"href":"https:\/\/www.europesays.com\/lv\/wp-json\/wp\/v2\/tags?post=111751"}],"curies":[{"name":"wp","href":"https:\/\/api.w.org\/{rel}","templated":true}]}}