{"id":111762,"date":"2026-01-23T12:52:08","date_gmt":"2026-01-23T12:52:08","guid":{"rendered":"https:\/\/www.europesays.com\/lv\/111762\/"},"modified":"2026-01-23T12:52:08","modified_gmt":"2026-01-23T12:52:08","slug":"sinoptiki-prognoze-laikapstakli-latvija-sagriezisies-kajam-gaisa-jekabpils-laiks-jekabpils-zinas","status":"publish","type":"post","link":"https:\/\/www.europesays.com\/lv\/111762\/","title":{"rendered":"Sinopti\u0137i prognoz\u0113 \u2013 laikapst\u0101k\u013ci Latvij\u0101 sagriez\u012bsies k\u0101j\u0101m gais\u0101 \/ J\u0113kabpils Laiks: J\u0113kabpils zi\u0146as"},"content":{"rendered":"<p>N\u0101kamned\u0113\u013c laikapst\u0101k\u013cus Latvij\u0101 ietekm\u0113s cikloni, t\u0101d\u0113\u013c palaikam snigs, iesp\u0113jama ar\u012b atkala jeb sasalsto\u0161s lietus, liecina jaun\u0101k\u0101s laika prognozes. Sestdien, 24. janv\u0101r\u012b, b\u016bs daudz m\u0101ko\u0146u un viet\u0101m mazliet snigs. Sv\u0113tdiena gaid\u0101ma p\u0101rsvar\u0101 saulaina, pastiprin\u0101sies sals &#8211; termometra stabi\u0146\u0161 viet\u0101m, galvenok\u0101rt valsts austrumos, no r\u012bta nosl\u012bd\u0113s zem -20 gr\u0101diem.<\/p>\n<p>Sagaid\u0101ms, ka pirmdien debesis apm\u0101ksies un daudzviet valst\u012b snigs, gaisa temperat\u016bra p\u0113cpusdien\u0101 paaugstin\u0101sies l\u012bdz -4..-10 gr\u0101diem. Gan \u0161\u012bs ned\u0113\u013cas nogal\u0113, gan n\u0101kam\u0101s ned\u0113\u013cas s\u0101kum\u0101 v\u0113j\u0161 l\u0113ni l\u012bdz m\u0113reni p\u016bt\u012bs no austrumu puses.<\/p>\n<p>N\u0101kamned\u0113\u013c no dienvidiem tuvosies silt\u0101ks gaiss, temperat\u016bra m\u0101ko\u0146os paaugstin\u0101sies strauj\u0101k nek\u0101 uz zemes, t\u0101d\u0113\u013c iesp\u0113jams sasalsto\u0161s lietus, \u012bpa\u0161i valsts dienvidos. Vienlaic\u012bgi Skandin\u0101vij\u0101, Somij\u0101 un Krievijas zieme\u013cu da\u013c\u0101 vald\u012bs sals; Latvij\u0101 iesp\u0113jama v\u0113ja iegrie\u0161an\u0101s no zieme\u013ciem un \u012bslaic\u012bga temperat\u016bras pazemin\u0101\u0161an\u0101s.<\/p>\n<p>Nokri\u0161\u0146u daudzums n\u0101kamaj\u0101 darba ned\u0113\u013c\u0101 Latvij\u0101 var sasniegt 10-15 milimetrus, kas atbilst aptuveni desmit centimetriem svaiga sniega.<\/p>\n<p>Saska\u0146\u0101 ar Eiropas Vid\u0113ja termi\u0146a laika progno\u017eu centra jaun\u0101kajiem datiem n\u0101kam\u0101s ned\u0113\u013cas vid\u0113j\u0101s gaisa temperat\u016bras novirze no normas Eirop\u0101 gaid\u0101ma no \u2013 10 gr\u0101diem viet\u0101m Norv\u0113\u0123ij\u0101 l\u012bdz +6..+9 gr\u0101diem viet\u0101m Balk\u0101nos, Rum\u0101nij\u0101, Moldov\u0101 un Ukrain\u0101. Latvija atrad\u012bsies uz robe\u017eas starp auksto un silto gaisu.<\/p>\n","protected":false},"excerpt":{"rendered":"N\u0101kamned\u0113\u013c laikapst\u0101k\u013cus Latvij\u0101 ietekm\u0113s cikloni, t\u0101d\u0113\u013c palaikam snigs, iesp\u0113jama ar\u012b atkala jeb sasalsto\u0161s lietus, liecina jaun\u0101k\u0101s laika prognozes.&hellip;\n","protected":false},"author":2,"featured_media":111763,"comment_status":"","ping_status":"","sticky":false,"template":"","format":"standard","meta":{"footnotes":""},"categories":[12],"tags":[23,28,29,32,33,22,987,986,30,31,35,39,38,36,37,34,40,20,26,27,24,25,21],"class_list":{"0":"post-111762","1":"post","2":"type-post","3":"status-publish","4":"format-standard","5":"has-post-thumbnail","7":"category-latvija","8":"tag-aktualitates","9":"tag-breaking-news","10":"tag-breakingnews","11":"tag-featured-news","12":"tag-featurednews","13":"tag-headlines","14":"tag-jekabpils-zinas","15":"tag-jekabpilslaiks","16":"tag-latest-news","17":"tag-latestnews","18":"tag-latvia","19":"tag-latvian","20":"tag-latviesu","21":"tag-latviesu-valoda","22":"tag-latviesuvaloda","23":"tag-latvija","24":"tag-lv","25":"tag-news","26":"tag-popularakas-zinas","27":"tag-popularakaszinas","28":"tag-top-stories","29":"tag-topstories","30":"tag-zinas"},"share_on_mastodon":{"url":"https:\/\/pubeurope.com\/@lv\/115944511441749102","error":""},"_links":{"self":[{"href":"https:\/\/www.europesays.com\/lv\/wp-json\/wp\/v2\/posts\/111762","targetHints":{"allow":["GET"]}}],"collection":[{"href":"https:\/\/www.europesays.com\/lv\/wp-json\/wp\/v2\/posts"}],"about":[{"href":"https:\/\/www.europesays.com\/lv\/wp-json\/wp\/v2\/types\/post"}],"author":[{"embeddable":true,"href":"https:\/\/www.europesays.com\/lv\/wp-json\/wp\/v2\/users\/2"}],"replies":[{"embeddable":true,"href":"https:\/\/www.europesays.com\/lv\/wp-json\/wp\/v2\/comments?post=111762"}],"version-history":[{"count":0,"href":"https:\/\/www.europesays.com\/lv\/wp-json\/wp\/v2\/posts\/111762\/revisions"}],"wp:featuredmedia":[{"embeddable":true,"href":"https:\/\/www.europesays.com\/lv\/wp-json\/wp\/v2\/media\/111763"}],"wp:attachment":[{"href":"https:\/\/www.europesays.com\/lv\/wp-json\/wp\/v2\/media?parent=111762"}],"wp:term":[{"taxonomy":"category","embeddable":true,"href":"https:\/\/www.europesays.com\/lv\/wp-json\/wp\/v2\/categories?post=111762"},{"taxonomy":"post_tag","embeddable":true,"href":"https:\/\/www.europesays.com\/lv\/wp-json\/wp\/v2\/tags?post=111762"}],"curies":[{"name":"wp","href":"https:\/\/api.w.org\/{rel}","templated":true}]}}