{"id":111772,"date":"2026-01-23T13:16:07","date_gmt":"2026-01-23T13:16:07","guid":{"rendered":"https:\/\/www.europesays.com\/lv\/111772\/"},"modified":"2026-01-23T13:16:07","modified_gmt":"2026-01-23T13:16:07","slug":"zzs-aicina-vm-parskatit-sogad-planoto-finansejuma-sadalijumu-slimnicam","status":"publish","type":"post","link":"https:\/\/www.europesays.com\/lv\/111772\/","title":{"rendered":"ZZS aicina VM p\u0101rskat\u012bt \u0161ogad pl\u0101noto finans\u0113juma sadal\u012bjumu slimn\u012bc\u0101m"},"content":{"rendered":"<p>Slimn\u012bcu t\u012bkla reformas virz\u012bbai iebildusi ar\u012b Latvijas Vesel\u012bbas un soci\u0101l\u0101s apr\u016bpes darbinieku arodbiedr\u012bba (LVSADA), nor\u0101dot, ka virz\u012bt\u0101 slimn\u012bcu mode\u013ca mai\u0146as informat\u012bv\u0101 zi\u0146ojuma pie\u0146em\u0161ana vald\u012bb\u0101 ir notikusi sasteigti, nenodro\u0161inot pilnv\u0113rt\u012bgu soci\u0101lo dialogu.<\/p>\n<p>K\u0101 v\u0113st\u012bts, VM zi\u0146ojumu par pl\u0101notaj\u0101m izmai\u0146\u0101m slimn\u012bcu t\u012bkl\u0101 saska\u0146ojusi Latvijas Jauno \u0101rstu asoci\u0101cija, Latvijas Pacientu organiz\u0101ciju t\u012bkls un Lielo pils\u0113tu asoci\u0101cija. Savuk\u0101rt to nav saska\u0146ojusi Latvijas Neonatologu biedr\u012bba, Latvijas Slimn\u012bcu biedr\u012bba, Latvijas Br\u012bvo arodbiedr\u012bbu savien\u012bba, Latvijas Ginekologu un dzemd\u012bbu speci\u0101listu asoci\u0101cija, Bauskas slimn\u012bca, Latvijas Pa\u0161vald\u012bbu savien\u012bba, k\u0101 ar\u012b Paula Stradi\u0146a kl\u012bnisk\u0101 universit\u0101tes slimn\u012bca, Kuld\u012bgas slimn\u012bca, Sievie\u0161u sadarb\u012bbas t\u012bkls, R\u012bgas Austrumu kl\u012bnisk\u0101 universit\u0101tes slimn\u012bca, R\u012bgas Dzemd\u012bbu nams un Latvijas M\u0101su asoci\u0101cija.<\/p>\n<p>LETA jau rakst\u012bja, ka VM slimn\u012bcu t\u012bkla reformas m\u0113r\u0137is ir eso\u0161\u0101 finans\u0113juma m\u0113r\u0137tiec\u012bg\u0101ka un pamatot\u0101ka sadale, tostarp atsakoties no maks\u0101jumiem par pakalpojumiem, kurus slimn\u012bcas faktiski nenodro\u0161ina, pamato ministrija.<\/p>\n<p>Nacion\u0101l\u0101s dro\u0161\u012bbas kontekst\u0101 p\u0101rmai\u0146as slimn\u012bcu t\u012bkl\u0101 neparedz\u0113s konkr\u0113tu slimn\u012bcu sl\u0113g\u0161anu. Tom\u0113r, \u0146emot v\u0113r\u0101 re\u0123ion\u0101l\u0101s \u012bpatn\u012bbas, piem\u0113ram, Austrumu pierobe\u017e\u0101 eso\u0161\u0101m slimn\u012bc\u0101m, paredz\u0113ts piem\u0113rot individu\u0101lus risin\u0101jumus. Katrs slimn\u012bcas gad\u012bjums tiks v\u0113rt\u0113ts atsevi\u0161\u0137i un, savstarp\u0113ji vienojoties ar katru slimn\u012bcu un pa\u0161vald\u012bbu, tiks pan\u0101kta vieno\u0161an\u0101s par optim\u0101l\u0101ko iesp\u0113jamo risin\u0101jumu, sola VM.<\/p>\n<p>Ja tiks ietaup\u012bti l\u012bdzek\u013ci, reorganiz\u0113jot Neatliekam\u0101s medic\u012bnas un pacientu uz\u0146em\u0161anas noda\u013cas, tie var\u0113tu tikt novirz\u012bti attiec\u012bg\u0101s slimn\u012bcas dienas stacion\u0101r\u0101 vai ambulatoro pakalpojumu pieejam\u012bbai, nor\u0101da VM. T\u0101d\u0113j\u0101di tik\u0161ot mazin\u0101ta ietekme uz slimn\u012bcu un t\u0101s nodarbin\u0101tajiem, vienlaikus veicinot nepiecie\u0161amo pakalpojumu pieejam\u012bbu, tostarp da\u013cu l\u012bdzek\u013cu novirzot tarifu p\u0101rskat\u012b\u0161anai, lai segtu augo\u0161\u0101s izmaksas stacion\u0101rajiem pakalpojumiem.<\/p>\n","protected":false},"excerpt":{"rendered":"Slimn\u012bcu t\u012bkla reformas virz\u012bbai iebildusi ar\u012b Latvijas Vesel\u012bbas un soci\u0101l\u0101s apr\u016bpes darbinieku arodbiedr\u012bba (LVSADA), nor\u0101dot, ka virz\u012bt\u0101 slimn\u012bcu&hellip;\n","protected":false},"author":2,"featured_media":111773,"comment_status":"","ping_status":"","sticky":false,"template":"","format":"standard","meta":{"footnotes":""},"categories":[12],"tags":[23,28,29,32,33,22,30,31,35,39,38,36,37,34,40,20,26,27,1288,24,25,181,1454,21,666],"class_list":{"0":"post-111772","1":"post","2":"type-post","3":"status-publish","4":"format-standard","5":"has-post-thumbnail","7":"category-latvija","8":"tag-aktualitates","9":"tag-breaking-news","10":"tag-breakingnews","11":"tag-featured-news","12":"tag-featurednews","13":"tag-headlines","14":"tag-latest-news","15":"tag-latestnews","16":"tag-latvia","17":"tag-latvian","18":"tag-latviesu","19":"tag-latviesu-valoda","20":"tag-latviesuvaloda","21":"tag-latvija","22":"tag-lv","23":"tag-news","24":"tag-popularakas-zinas","25":"tag-popularakaszinas","26":"tag-slimnicas","27":"tag-top-stories","28":"tag-topstories","29":"tag-veseliba","30":"tag-veselibas-ministrija","31":"tag-zinas","32":"tag-zzs"},"share_on_mastodon":{"url":"https:\/\/pubeurope.com\/@lv\/115944605861320021","error":""},"_links":{"self":[{"href":"https:\/\/www.europesays.com\/lv\/wp-json\/wp\/v2\/posts\/111772","targetHints":{"allow":["GET"]}}],"collection":[{"href":"https:\/\/www.europesays.com\/lv\/wp-json\/wp\/v2\/posts"}],"about":[{"href":"https:\/\/www.europesays.com\/lv\/wp-json\/wp\/v2\/types\/post"}],"author":[{"embeddable":true,"href":"https:\/\/www.europesays.com\/lv\/wp-json\/wp\/v2\/users\/2"}],"replies":[{"embeddable":true,"href":"https:\/\/www.europesays.com\/lv\/wp-json\/wp\/v2\/comments?post=111772"}],"version-history":[{"count":0,"href":"https:\/\/www.europesays.com\/lv\/wp-json\/wp\/v2\/posts\/111772\/revisions"}],"wp:featuredmedia":[{"embeddable":true,"href":"https:\/\/www.europesays.com\/lv\/wp-json\/wp\/v2\/media\/111773"}],"wp:attachment":[{"href":"https:\/\/www.europesays.com\/lv\/wp-json\/wp\/v2\/media?parent=111772"}],"wp:term":[{"taxonomy":"category","embeddable":true,"href":"https:\/\/www.europesays.com\/lv\/wp-json\/wp\/v2\/categories?post=111772"},{"taxonomy":"post_tag","embeddable":true,"href":"https:\/\/www.europesays.com\/lv\/wp-json\/wp\/v2\/tags?post=111772"}],"curies":[{"name":"wp","href":"https:\/\/api.w.org\/{rel}","templated":true}]}}