{"id":111776,"date":"2026-01-23T13:18:07","date_gmt":"2026-01-23T13:18:07","guid":{"rendered":"https:\/\/www.europesays.com\/lv\/111776\/"},"modified":"2026-01-23T13:18:07","modified_gmt":"2026-01-23T13:18:07","slug":"valmieras-teatri-top-monoizrade-sakums-elmara-senkova-rezija","status":"publish","type":"post","link":"https:\/\/www.europesays.com\/lv\/111776\/","title":{"rendered":"Valmieras te\u0101tr\u012b top monoizr\u0101de \u201cS\u0101kums\u201d Elm\u0101ra Se\u0146kova re\u017eij\u0101"},"content":{"rendered":"<p>                        <img fetchpriority=\"high\" decoding=\"async\" width=\"1024\" height=\"683\" src=\"https:\/\/www.europesays.com\/lv\/wp-content\/uploads\/2026\/01\/SAKUMS-5-hrorizontal-1920X1280-1024x683.jpg\" alt=\"\" class=\"wp-image-986556\"  \/><\/p>\n<p>30. janv\u0101r\u012b laikmet\u012bg\u0101s m\u0101kslas telp\u0101 \u201cKurtuve\u201d pirmizr\u0101di piedz\u012bvos monoizr\u0101de \u201cS\u0101kums\u201d, kas tapusi p\u0113c Justa Terte\u013ca lugas mot\u012bviem. Izr\u0101de st\u0101sta par jauna aktiera ce\u013ca s\u0101kumu \u2013 puisi no Kandavas, kur\u0161 piepilda sapni k\u013c\u016bt par aktieri.<\/p>\n<p>Tas ir st\u0101sts par to, k\u0101 piedzimst aktieris un k\u0101 cilv\u0113ks mekl\u0113 atbildi uz jaut\u0101jumu, kas paties\u012bb\u0101 nepiecie\u0161ams, lai sevi par t\u0101du sauktu. Puisis izaicina pats sevi \u2013 nost\u0101ties publikas priek\u0161\u0101, spert pirmo soli uz skatuves un s\u0101kt savu ce\u013cu m\u0101ksl\u0101. Kas nepiecie\u0161ams \u0161im s\u0101kumam? Dro\u0161sird\u012bba? Neapmierin\u0101t\u012bba? Iedvesma? Varb\u016bt viss reiz\u0113.<\/p>\n<p>Izr\u0101de \u201cS\u0101kums\u201d ir gan smiekl\u012bgs, gan skaudrs personisks st\u0101sts par jauna cilv\u0113ka v\u0113lmi sasniegt te\u0101tra virsotnes un vienlaikus saprast, kas ir vi\u0146\u0161 pats. Vai vi\u0146am tas izdosies? Tas v\u0113l ir tikai s\u0101kums \u2013 bet tie\u0161i \u0161is br\u012bdis ir vissvar\u012bg\u0101kais.<\/p>\n<p>Kaut ar\u012b savas debijas sezon\u0101 jaunajam aktierim Kristapam Kristeram Ozolam Valmieras te\u0101tra skatuve vairs nav sve\u0161a, \u0161\u012b reize b\u016bs \u012bpa\u0161a \u2013 monoizr\u0101di vi\u0146\u0161 veido kop\u0101 ar re\u017eisoru, savu skolot\u0101ju Elm\u0101ru Se\u0146kovu un re\u017eisora asistentu, Kristapa te\u0101tra krustt\u0113vu, Valmieras te\u0101tra aktieri Akselu Aizkalnu. Visi kop\u0101 mekl\u0113 to \u012bpa\u0161o mirkli \u2013 br\u012bdi pirms izr\u0101des s\u0101kuma, kas var k\u013c\u016bt iz\u0161\u0137iro\u0161s vi\u0146a ce\u013c\u0101.<\/p>\n<p>M\u0101ksliniecisk\u0101 komanda: Re\u017eisors \u2013 Elm\u0101rs Se\u0146kovs; re\u017eisora asistents \u2013 Aksels Aizkalns; kost\u012bmu m\u0101ksliniece \u2013 Ilze V\u012btoli\u0146a<\/p>\n<p>Lom\u0101 \u2013 Kristaps Kristers Ozols<\/p>\n<p>Bi\u013cetes pieejamas \u201cBi\u013ce\u0161u parad\u012bzes\u201d kas\u0113s un tie\u0161saist\u0113.<\/p>\n<p>L\u016bcija Zalte, Valmieras te\u0101tra sabiedrisko attiec\u012bbu un rekl\u0101mas speci\u0101liste<\/p>\n","protected":false},"excerpt":{"rendered":"30. janv\u0101r\u012b laikmet\u012bg\u0101s m\u0101kslas telp\u0101 \u201cKurtuve\u201d pirmizr\u0101di piedz\u012bvos monoizr\u0101de \u201cS\u0101kums\u201d, kas tapusi p\u0113c Justa Terte\u013ca lugas mot\u012bviem. Izr\u0101de&hellip;\n","protected":false},"author":2,"featured_media":111777,"comment_status":"","ping_status":"","sticky":false,"template":"","format":"standard","meta":{"footnotes":""},"categories":[19],"tags":[89,90,7668,35,39,38,36,37,34,40,26225,481,16085,10156],"class_list":{"0":"post-111776","1":"post","2":"type-post","3":"status-publish","4":"format-standard","5":"has-post-thumbnail","7":"category-izklaide","8":"tag-entertainment","9":"tag-izklaide","10":"tag-izrade","11":"tag-latvia","12":"tag-latvian","13":"tag-latviesu","14":"tag-latviesu-valoda","15":"tag-latviesuvaloda","16":"tag-latvija","17":"tag-lv","18":"tag-sakums","19":"tag-valmiera","20":"tag-valmierasnovads","21":"tag-valmierasteatris"},"share_on_mastodon":{"url":"https:\/\/pubeurope.com\/@lv\/115944613696118436","error":""},"_links":{"self":[{"href":"https:\/\/www.europesays.com\/lv\/wp-json\/wp\/v2\/posts\/111776","targetHints":{"allow":["GET"]}}],"collection":[{"href":"https:\/\/www.europesays.com\/lv\/wp-json\/wp\/v2\/posts"}],"about":[{"href":"https:\/\/www.europesays.com\/lv\/wp-json\/wp\/v2\/types\/post"}],"author":[{"embeddable":true,"href":"https:\/\/www.europesays.com\/lv\/wp-json\/wp\/v2\/users\/2"}],"replies":[{"embeddable":true,"href":"https:\/\/www.europesays.com\/lv\/wp-json\/wp\/v2\/comments?post=111776"}],"version-history":[{"count":0,"href":"https:\/\/www.europesays.com\/lv\/wp-json\/wp\/v2\/posts\/111776\/revisions"}],"wp:featuredmedia":[{"embeddable":true,"href":"https:\/\/www.europesays.com\/lv\/wp-json\/wp\/v2\/media\/111777"}],"wp:attachment":[{"href":"https:\/\/www.europesays.com\/lv\/wp-json\/wp\/v2\/media?parent=111776"}],"wp:term":[{"taxonomy":"category","embeddable":true,"href":"https:\/\/www.europesays.com\/lv\/wp-json\/wp\/v2\/categories?post=111776"},{"taxonomy":"post_tag","embeddable":true,"href":"https:\/\/www.europesays.com\/lv\/wp-json\/wp\/v2\/tags?post=111776"}],"curies":[{"name":"wp","href":"https:\/\/api.w.org\/{rel}","templated":true}]}}