{"id":111782,"date":"2026-01-23T13:23:09","date_gmt":"2026-01-23T13:23:09","guid":{"rendered":"https:\/\/www.europesays.com\/lv\/111782\/"},"modified":"2026-01-23T13:23:09","modified_gmt":"2026-01-23T13:23:09","slug":"personas-nolaupisanas-organizesana-vainotais-krumins-izvairas-no-izdosanas-vacijai","status":"publish","type":"post","link":"https:\/\/www.europesays.com\/lv\/111782\/","title":{"rendered":"Personas nolaup\u012b\u0161anas organiz\u0113\u0161an\u0101 vainotais Kr\u016bmi\u0146\u0161 izvair\u0101s no izdo\u0161anas V\u0101cijai"},"content":{"rendered":"<p>Visiem iesaist\u012btajiem biju\u0161as specifiskas zin\u0101\u0161anas un nozieguma izdar\u012b\u0161anai paredz\u0113ts ekip\u0113jums. Nozieguma organizators ir biju\u0161ais Fran\u010du \u0100rzemnieku le\u0123iona le\u0123ion\u0101rs. V\u0113l divas personas jau iepriek\u0161 tika aiztur\u0113tas V\u0101cij\u0101.<\/p>\n<p>Eiropas Policijas biroja (&#8220;Eiropols&#8221;) m\u0101jaslap\u0101 pieejam\u0101 inform\u0101cija liecina, ka koordin\u0113t\u0101 r\u012bc\u012bba bija v\u0113rsta uz Latvijas valstspieder\u012bgajiem, no kuriem da\u017ei ir biju\u0161i Fran\u010du \u0100rzemnieku le\u0123iona karav\u012bri. \u0160\u012bs augsti apm\u0101c\u012bt\u0101s personas bija apg\u0101d\u0101tas ar profesion\u0101lu ekip\u0113jumu un darboj\u0101s organiz\u0113t\u0101s noziedz\u012bbas grup\u0113juma v\u0101rd\u0101.<\/p>\n<p>Akcijas dien\u0101 D\u0101nij\u0101, Francij\u0101, Latvij\u0101 un Lielbrit\u0101nij\u0101 tika arest\u0113tas \u010detras personas, bet p\u0101r\u0113j\u0101s divas, kas 2014. gada oktobr\u012b tika arest\u0113tas V\u0101cij\u0101, tiesa jau ir noties\u0101jusi.<\/p>\n<p>\u0160\u012b oper\u0101cija ir saist\u012bta ar fenomenu, kad noziedznieki pied\u0101v\u0101 savus pakalpojumus, lai veiktu vardarb\u012bgus aktus citu noziedz\u012bgu sindik\u0101tu v\u0101rd\u0101. \u0160aj\u0101 konkr\u0113taj\u0101 gad\u012bjum\u0101 organiz\u0113t\u0101s noziedz\u012bbas grup\u0113jumi algo augsti apm\u0101c\u012btus speci\u0101listus, lai tie veiktu vardarb\u012bgus aktus. \u0160is darb\u012bbas veids arvien bie\u017e\u0101k tiek atkl\u0101ts da\u017e\u0101d\u0101s oper\u0101cij\u0101s, kas saist\u012btas ar smagiem noziegumiem un organiz\u0113to noziedz\u012bbu. Izmekl\u0113\u0161ana liecina, ka bie\u017ei vien tiek izmantoti biju\u0161ie speci\u0101lo sp\u0113ku darbinieki, nor\u0101d\u012bjis &#8220;Eiropols&#8221;.<\/p>\n<p>Da\u017ei no \u0161aj\u0101 liet\u0101 aizdom\u0101s tur\u0113tajiem ir biju\u0161ie Fran\u010du \u0100rzemnieku le\u0123iona karav\u012bri. Tas liecina par satrauco\u0161u tendenci, kas izriet no kara Ukrain\u0101. Biju\u0161ie kaujas apm\u0101c\u012btie karav\u012bri, atgriezu\u0161ies no frontes, var\u0113tu izmantot savas prasmes organiz\u0113t\u0101s noziedz\u012bbas vajadz\u012bb\u0101m, t\u0101d\u0113j\u0101di radot potenci\u0101lu apdraud\u0113jumu, uzsv\u0113ris &#8220;Eiropols&#8221;.<\/p>\n","protected":false},"excerpt":{"rendered":"Visiem iesaist\u012btajiem biju\u0161as specifiskas zin\u0101\u0161anas un nozieguma izdar\u012b\u0161anai paredz\u0113ts ekip\u0113jums. Nozieguma organizators ir biju\u0161ais Fran\u010du \u0100rzemnieku le\u0123iona le\u0123ion\u0101rs.&hellip;\n","protected":false},"author":2,"featured_media":107900,"comment_status":"","ping_status":"","sticky":false,"template":"","format":"standard","meta":{"footnotes":""},"categories":[5],"tags":[23,28,29,14014,32,33,22,30,31,35,39,38,36,37,34,40,20,163,26,27,24,25,21],"class_list":{"0":"post-111782","1":"post","2":"type-post","3":"status-publish","4":"format-standard","5":"has-post-thumbnail","7":"category-aktualitates","8":"tag-aktualitates","9":"tag-breaking-news","10":"tag-breakingnews","11":"tag-davids-krumins","12":"tag-featured-news","13":"tag-featurednews","14":"tag-headlines","15":"tag-latest-news","16":"tag-latestnews","17":"tag-latvia","18":"tag-latvian","19":"tag-latviesu","20":"tag-latviesu-valoda","21":"tag-latviesuvaloda","22":"tag-latvija","23":"tag-lv","24":"tag-news","25":"tag-policija","26":"tag-popularakas-zinas","27":"tag-popularakaszinas","28":"tag-top-stories","29":"tag-topstories","30":"tag-zinas"},"share_on_mastodon":{"url":"https:\/\/pubeurope.com\/@lv\/115944633480433409","error":""},"_links":{"self":[{"href":"https:\/\/www.europesays.com\/lv\/wp-json\/wp\/v2\/posts\/111782","targetHints":{"allow":["GET"]}}],"collection":[{"href":"https:\/\/www.europesays.com\/lv\/wp-json\/wp\/v2\/posts"}],"about":[{"href":"https:\/\/www.europesays.com\/lv\/wp-json\/wp\/v2\/types\/post"}],"author":[{"embeddable":true,"href":"https:\/\/www.europesays.com\/lv\/wp-json\/wp\/v2\/users\/2"}],"replies":[{"embeddable":true,"href":"https:\/\/www.europesays.com\/lv\/wp-json\/wp\/v2\/comments?post=111782"}],"version-history":[{"count":0,"href":"https:\/\/www.europesays.com\/lv\/wp-json\/wp\/v2\/posts\/111782\/revisions"}],"wp:featuredmedia":[{"embeddable":true,"href":"https:\/\/www.europesays.com\/lv\/wp-json\/wp\/v2\/media\/107900"}],"wp:attachment":[{"href":"https:\/\/www.europesays.com\/lv\/wp-json\/wp\/v2\/media?parent=111782"}],"wp:term":[{"taxonomy":"category","embeddable":true,"href":"https:\/\/www.europesays.com\/lv\/wp-json\/wp\/v2\/categories?post=111782"},{"taxonomy":"post_tag","embeddable":true,"href":"https:\/\/www.europesays.com\/lv\/wp-json\/wp\/v2\/tags?post=111782"}],"curies":[{"name":"wp","href":"https:\/\/api.w.org\/{rel}","templated":true}]}}