{"id":111784,"date":"2026-01-23T13:28:11","date_gmt":"2026-01-23T13:28:11","guid":{"rendered":"https:\/\/www.europesays.com\/lv\/111784\/"},"modified":"2026-01-23T13:28:11","modified_gmt":"2026-01-23T13:28:11","slug":"darbinieki-regulari-saskaras-ar-emocionalam-provokacijam","status":"publish","type":"post","link":"https:\/\/www.europesays.com\/lv\/111784\/","title":{"rendered":"Darbinieki regul\u0101ri saskaras ar emocion\u0101l\u0101m provok\u0101cij\u0101m"},"content":{"rendered":"<p>Vi\u0146a skaidroja, ka muzejs saskaras ar provok\u0101cij\u0101m, un t\u0101m ir da\u017e\u0101di l\u012bme\u0146i. Vi\u0146a gan v\u0113rt\u0113ja, ka kopum\u0101 provok\u0101ciju skaits mazin\u0101s.<\/p>\n<p>V\u012bba atg\u0101din\u0101ja, ka p\u0113rn policijai rakst\u012bti iesniegumi par izsistiem stikliem St\u016bra m\u0101j\u0101, k\u0101 ar\u012b par provok\u0101cij\u0101m telefona zvanos, un provokatori ir apzin\u0101ti.<\/p>\n<p>T\u0101pat muzeja direktore st\u0101st\u012bja, ka ir cilv\u0113ki, kuri, ien\u0101kot muzej\u0101, v\u0113las par\u0101d\u012bt savu politisko brav\u016bru. Piem\u0113ram, nesen k\u0101ds apmekl\u0113t\u0101js v\u0113l\u0113jies nor\u0113\u0137in\u0101ties ar Krievijas rub\u013ciem.<\/p>\n<p>Muzeja direktore uzsv\u0113ra, ka iest\u0101d\u0113 str\u0101d\u0101 gar\u0101 stipri cilv\u0113ki, kuri ir gatavi \u0161\u0101d\u0101m situ\u0101cij\u0101m.<\/p>\n<p>V\u012bba ar\u012b past\u0101st\u012bja, ka Okup\u0101cijas muzeja dedzin\u0101\u0161anas liet\u0101 gaid\u0101ma apel\u0101cijas tiesved\u012bba, bet tiesas datums v\u0113l nav noz\u012bm\u0113ts.<\/p>\n<p>LETA jau v\u0113st\u012bja, ka p\u0113rn mart\u0101 R\u012bgas pils\u0113tas tiesa visus tr\u012bs krimin\u0101lliet\u0101 par Okup\u0101cijas muzeja dedzin\u0101\u0161anu aps\u016bdz\u0113tos atzina par vain\u012bgiem un piesprieda vi\u0146iem vair\u0101ku gadu cietumsodus. Liet\u0101 aps\u016bdz\u0113ti Konstant\u012bns Engels, Vit\u0101lijs Lukjanovi\u010ds un Valent\u012bns Razmerica.<\/p>\n","protected":false},"excerpt":{"rendered":"Vi\u0146a skaidroja, ka muzejs saskaras ar provok\u0101cij\u0101m, un t\u0101m ir da\u017e\u0101di l\u012bme\u0146i. Vi\u0146a gan v\u0113rt\u0113ja, ka kopum\u0101 provok\u0101ciju&hellip;\n","protected":false},"author":2,"featured_media":111785,"comment_status":"","ping_status":"","sticky":false,"template":"","format":"standard","meta":{"footnotes":""},"categories":[12],"tags":[23,28,29,32,33,22,74,30,31,35,39,38,36,37,34,7580,40,20,14826,26,27,24,25,293,21],"class_list":{"0":"post-111784","1":"post","2":"type-post","3":"status-publish","4":"format-standard","5":"has-post-thumbnail","7":"category-latvija","8":"tag-aktualitates","9":"tag-breaking-news","10":"tag-breakingnews","11":"tag-featured-news","12":"tag-featurednews","13":"tag-headlines","14":"tag-krievijas-iebrukums-ukraina","15":"tag-latest-news","16":"tag-latestnews","17":"tag-latvia","18":"tag-latvian","19":"tag-latviesu","20":"tag-latviesu-valoda","21":"tag-latviesuvaloda","22":"tag-latvija","23":"tag-latvijas-vesture","24":"tag-lv","25":"tag-news","26":"tag-okupacijas-muzejs","27":"tag-popularakas-zinas","28":"tag-popularakaszinas","29":"tag-top-stories","30":"tag-topstories","31":"tag-vesture","32":"tag-zinas"},"share_on_mastodon":{"url":"https:\/\/pubeurope.com\/@lv\/115944653014319166","error":""},"_links":{"self":[{"href":"https:\/\/www.europesays.com\/lv\/wp-json\/wp\/v2\/posts\/111784","targetHints":{"allow":["GET"]}}],"collection":[{"href":"https:\/\/www.europesays.com\/lv\/wp-json\/wp\/v2\/posts"}],"about":[{"href":"https:\/\/www.europesays.com\/lv\/wp-json\/wp\/v2\/types\/post"}],"author":[{"embeddable":true,"href":"https:\/\/www.europesays.com\/lv\/wp-json\/wp\/v2\/users\/2"}],"replies":[{"embeddable":true,"href":"https:\/\/www.europesays.com\/lv\/wp-json\/wp\/v2\/comments?post=111784"}],"version-history":[{"count":0,"href":"https:\/\/www.europesays.com\/lv\/wp-json\/wp\/v2\/posts\/111784\/revisions"}],"wp:featuredmedia":[{"embeddable":true,"href":"https:\/\/www.europesays.com\/lv\/wp-json\/wp\/v2\/media\/111785"}],"wp:attachment":[{"href":"https:\/\/www.europesays.com\/lv\/wp-json\/wp\/v2\/media?parent=111784"}],"wp:term":[{"taxonomy":"category","embeddable":true,"href":"https:\/\/www.europesays.com\/lv\/wp-json\/wp\/v2\/categories?post=111784"},{"taxonomy":"post_tag","embeddable":true,"href":"https:\/\/www.europesays.com\/lv\/wp-json\/wp\/v2\/tags?post=111784"}],"curies":[{"name":"wp","href":"https:\/\/api.w.org\/{rel}","templated":true}]}}