{"id":11180,"date":"2025-10-03T07:15:14","date_gmt":"2025-10-03T07:15:14","guid":{"rendered":"https:\/\/www.europesays.com\/lv\/11180\/"},"modified":"2025-10-03T07:15:14","modified_gmt":"2025-10-03T07:15:14","slug":"ukraina-no-gusta-atguvusi-185-karavirus-un-20-civiliedzivotajus","status":"publish","type":"post","link":"https:\/\/www.europesays.com\/lv\/11180\/","title":{"rendered":"Ukraina no g\u016bsta atguvusi 185 karav\u012brus un 20 civiliedz\u012bvot\u0101jus"},"content":{"rendered":"<p>G\u016bstek\u0146u apmai\u0146as rezult\u0101t\u0101 <a href=\"https:\/\/www.tvnet.lv\/term\/8497\/ukraina\" class=\"topicLink\" target=\"_blank\" rel=\"nofollow noopener\">Ukraina<\/a> atdevusi Krievijai 205 krievu milit\u0101rpersonas un civiliedz\u012bvot\u0101jus, pazi\u0146oja Kara g\u016bstek\u0146u jaut\u0101jumu koordin\u0101cijas \u0161t\u0101bs.<\/p>\n<p>&#8220;M\u0113s atgrie\u017eam m\u0101j\u0101s no Krievijas g\u016bsta 185 m\u016bsu aizst\u0101vjus. 183 ir ierindas karav\u012bri un ser\u017eanti, bet divi ir virsnieki. Tie ir Bru\u0146oto sp\u0113ku, Nacion\u0101l\u0101s gvardes un Valsts robe\u017esardzes karav\u012bri. Kop\u0101 ar aizst\u0101vjiem atgrie\u017eas ar\u012b civiliedz\u012bvot\u0101ji &#8211; 20 m\u016bsu cilv\u0113ki. Visiem noteikti tiks sniegts nepiecie\u0161amais atbalsts,&#8221; pazi\u0146oja prezidents.<\/p>\n<p>Atbr\u012bvoto vid\u016b ir ar\u012b &#8220;Azovsta\u013c&#8221; un \u010cornobi\u013cas atomelektrostacijas aizst\u0101vji un karav\u012bri, kas c\u012bn\u012bj\u0101s Mariupol\u0113. Gandr\u012bz visi no vi\u0146iem bija g\u016bst\u0101 kop\u0161 2022.gada, nor\u0101d\u012bja Zelenskis.<\/p>\n<p>Jaun\u0101kajam no atbr\u012bvotajiem karav\u012briem ir 26 gadi, bet vec\u0101kajam &#8211; 59 gadi, liecina Kara g\u016bstek\u0146u jaut\u0101jumu koordin\u0101cijas \u0161t\u0101ba publiskot\u0101 inform\u0101cija.<\/p>\n","protected":false},"excerpt":{"rendered":"G\u016bstek\u0146u apmai\u0146as rezult\u0101t\u0101 Ukraina atdevusi Krievijai 205 krievu milit\u0101rpersonas un civiliedz\u012bvot\u0101jus, pazi\u0146oja Kara g\u016bstek\u0146u jaut\u0101jumu koordin\u0101cijas \u0161t\u0101bs. &#8220;M\u0113s&hellip;\n","protected":false},"author":2,"featured_media":11181,"comment_status":"","ping_status":"","sticky":false,"template":"","format":"standard","meta":{"footnotes":""},"categories":[5],"tags":[23,28,29,32,33,22,4140,74,30,31,35,39,38,36,37,34,40,20,26,27,24,25,276,21],"class_list":{"0":"post-11180","1":"post","2":"type-post","3":"status-publish","4":"format-standard","5":"has-post-thumbnail","7":"category-aktualitates","8":"tag-aktualitates","9":"tag-breaking-news","10":"tag-breakingnews","11":"tag-featured-news","12":"tag-featurednews","13":"tag-headlines","14":"tag-krievijas-armija","15":"tag-krievijas-iebrukums-ukraina","16":"tag-latest-news","17":"tag-latestnews","18":"tag-latvia","19":"tag-latvian","20":"tag-latviesu","21":"tag-latviesu-valoda","22":"tag-latviesuvaloda","23":"tag-latvija","24":"tag-lv","25":"tag-news","26":"tag-popularakas-zinas","27":"tag-popularakaszinas","28":"tag-top-stories","29":"tag-topstories","30":"tag-ukraina","31":"tag-zinas"},"share_on_mastodon":{"url":"","error":""},"_links":{"self":[{"href":"https:\/\/www.europesays.com\/lv\/wp-json\/wp\/v2\/posts\/11180","targetHints":{"allow":["GET"]}}],"collection":[{"href":"https:\/\/www.europesays.com\/lv\/wp-json\/wp\/v2\/posts"}],"about":[{"href":"https:\/\/www.europesays.com\/lv\/wp-json\/wp\/v2\/types\/post"}],"author":[{"embeddable":true,"href":"https:\/\/www.europesays.com\/lv\/wp-json\/wp\/v2\/users\/2"}],"replies":[{"embeddable":true,"href":"https:\/\/www.europesays.com\/lv\/wp-json\/wp\/v2\/comments?post=11180"}],"version-history":[{"count":0,"href":"https:\/\/www.europesays.com\/lv\/wp-json\/wp\/v2\/posts\/11180\/revisions"}],"wp:featuredmedia":[{"embeddable":true,"href":"https:\/\/www.europesays.com\/lv\/wp-json\/wp\/v2\/media\/11181"}],"wp:attachment":[{"href":"https:\/\/www.europesays.com\/lv\/wp-json\/wp\/v2\/media?parent=11180"}],"wp:term":[{"taxonomy":"category","embeddable":true,"href":"https:\/\/www.europesays.com\/lv\/wp-json\/wp\/v2\/categories?post=11180"},{"taxonomy":"post_tag","embeddable":true,"href":"https:\/\/www.europesays.com\/lv\/wp-json\/wp\/v2\/tags?post=11180"}],"curies":[{"name":"wp","href":"https:\/\/api.w.org\/{rel}","templated":true}]}}