{"id":111801,"date":"2026-01-23T13:53:07","date_gmt":"2026-01-23T13:53:07","guid":{"rendered":"https:\/\/www.europesays.com\/lv\/111801\/"},"modified":"2026-01-23T13:53:07","modified_gmt":"2026-01-23T13:53:07","slug":"tuvakaja-diennakti-pastiprinasies-sals-1188-lv","status":"publish","type":"post","link":"https:\/\/www.europesays.com\/lv\/111801\/","title":{"rendered":"Tuv\u0101kaj\u0101 diennakt\u012b pastiprin\u0101sies sals &#8211; 1188.lv"},"content":{"rendered":"<ol>\n<li><a href=\"https:\/\/news.google.com\/rss\/articles\/CBMiekFVX3lxTE92VHBGejF4UVU0VFZjbTNaNlZuUUFfd1VqYWJURVBROEk5ZU9GZnV2OVBuSFMzUUFKcGlZUWtmYTg5dXJTQXhuZ1JDbFZYekF4ckVXS3l2TkFOYWUzX3JNWFRwU1lLZjh0TnVKbnJqUFE0RzNQLS13ZmRB?oc=5\" target=\"_blank\" rel=\"nofollow noopener\">Tuv\u0101kaj\u0101 diennakt\u012b pastiprin\u0101sies sals<\/a>&nbsp;&nbsp;1188.lv<\/li>\n<li><a href=\"https:\/\/news.google.com\/rss\/articles\/CBMixgFBVV95cUxNVHlEMWFqOUFNUW56eklaOWtQT3p6ZkkxT3Z6QW5GVXNGckFsRDhndG5CZFVfZUdETlJPYWttWDBEU09Qb2xwcWgyM05vMTZNb215Q1BGcGpMRkEwNmpVOU01TXlhVmIxbjB6czJuQ01YRzB2N29PZ2hXbnF6Mm1pUXA1OTIxLXo2TjdDZ0RnZjhPX0RpUEVTVklZWUR6N21HVUJNbzBHTk40WVAwMUx2S0xfYTZPM25QODVsUkRDb0hnd1UwT2c?oc=5\" target=\"_blank\" rel=\"nofollow noopener\">Sasalsto\u0161s lietus, -20 gr\u0101di un silt\u0101ka gaisa pl\u016bsma: ko sola laika prognoze tuv\u0101kaj\u0101m dien\u0101m<\/a>&nbsp;&nbsp;Jauns.lv<\/li>\n<li><a href=\"https:\/\/news.google.com\/rss\/articles\/CBMiogFBVV95cUxNbndNQVRSMS1vREgweFFMT092WDYwR3F5RVlERTVtQUtNY1kzVC1rZmhNYUh6Q2pQWjFaYnI2UVNjX0hTY2N3TGZRSTR4LTRXUjBnSnYwOXd1RWlDUXJYWlExMTVSNmxCbHJBYmpvQXNwNDNDc0RPa254ZUtHcXhuRW4wcV8xcHpwTmhsb2pIYjZ2T3hDaG0wVUswZHgxMFY3VkE?oc=5\" target=\"_blank\" rel=\"nofollow noopener\">Nakt\u012b uz sestdienu gaiss Latvij\u0101 viet\u0101m var atdzist l\u012bdz \u201320 gr\u0101diem<\/a>&nbsp;&nbsp;TVNET &#8211; Laika zi\u0146as<\/li>\n<li><a href=\"https:\/\/news.google.com\/rss\/articles\/CBMi1gFBVV95cUxQeVhLeDE4bTJkZGZjRXFycFQ0anpNS2tsMEt1cVFOLWMwaDZOY0tMOGxtdUY0UWExLV9BN0ZMUHV0UXZBX091azNreWdpaTFQRXVYV1lydU1jMHh3T0NaNl92QTBmbTlaVUxsU1VoWkJISER6OEs2YlJmUUF1VUxCQ0I4SDRCVlJnUVEtUkpseDV5cWpjOWp4SmlGUE9GV3Y1ODhrcElUQVVTLU02RWJ2bHNDeXVkWkprZHdFdFRBdTRJd2RxUnI2WFJYbFlZcWpFaFdCVXNR?oc=5\" target=\"_blank\" rel=\"nofollow noopener\">Br\u012bvdien\u0101s viet\u0101m atkal b\u016bs ap -20 gr\u0101du sals; n\u0101kamned\u0113\u013ca k\u013c\u016bs silt\u0101ks \/ Raksts<\/a>&nbsp;&nbsp;LSM<\/li>\n<li><a href=\"https:\/\/news.google.com\/rss\/articles\/CBMiwwFBVV95cUxQODItS2hHOXBrLXpscGpCV0Vwak16eFpMVnRjU3Y5R01JZVJTN0R1cHNHUnhHR0Y3LXZsSEpoSjNkSEg1QUNxb2hDNTZpMjFIU3ozVF9TdWdvR2dUSjNadjd0b3VxSVlQa2RIOHo1Q2ZHc1lfNzBqSnFEblY1aUFWNWZQU3FMS2ZnVzZnV2xaenlVMjgxaWVwSTZsaGV2TkswcnZZcVREWEI0c0tGdUg5Y1BncFdWaTRmX1RYNlEzdWJDNUE?oc=5\" target=\"_blank\" rel=\"nofollow noopener\">Jaun\u0101k\u0101 prognoze \u2013 janv\u0101r\u012b v\u0113l gaid\u0101ms spelgonis un ar\u012b sniegvilksnis<\/a>&nbsp;&nbsp;Delfi<\/li>\n<\/ol>\n","protected":false},"excerpt":{"rendered":"Tuv\u0101kaj\u0101 diennakt\u012b pastiprin\u0101sies sals&nbsp;&nbsp;1188.lv Sasalsto\u0161s lietus, -20 gr\u0101di un silt\u0101ka gaisa pl\u016bsma: ko sola laika prognoze tuv\u0101kaj\u0101m dien\u0101m&nbsp;&nbsp;Jauns.lv&hellip;\n","protected":false},"author":2,"featured_media":111802,"comment_status":"","ping_status":"","sticky":false,"template":"","format":"standard","meta":{"footnotes":""},"categories":[5],"tags":[129,1395,3333,23,28,29,32,33,22,30,31,35,39,38,36,37,34,40,20,26,27,3334,1396,3335,1397,24,25,21],"class_list":{"0":"post-111801","1":"post","2":"type-post","3":"status-publish","4":"format-standard","5":"has-post-thumbnail","7":"category-aktualitates","8":"tag-__typenameadvicekeyword","9":"tag-id408","10":"tag-id563","11":"tag-aktualitates","12":"tag-breaking-news","13":"tag-breakingnews","14":"tag-featured-news","15":"tag-featurednews","16":"tag-headlines","17":"tag-latest-news","18":"tag-latestnews","19":"tag-latvia","20":"tag-latvian","21":"tag-latviesu","22":"tag-latviesu-valoda","23":"tag-latviesuvaloda","24":"tag-latvija","25":"tag-lv","26":"tag-news","27":"tag-popularakas-zinas","28":"tag-popularakaszinas","29":"tag-sluglaika-zina","30":"tag-sluglaikapstakli","31":"tag-titlelaika-zina","32":"tag-titlelaikapstakli","33":"tag-top-stories","34":"tag-topstories","35":"tag-zinas"},"share_on_mastodon":{"url":"https:\/\/pubeurope.com\/@lv\/115944751298759563","error":""},"_links":{"self":[{"href":"https:\/\/www.europesays.com\/lv\/wp-json\/wp\/v2\/posts\/111801","targetHints":{"allow":["GET"]}}],"collection":[{"href":"https:\/\/www.europesays.com\/lv\/wp-json\/wp\/v2\/posts"}],"about":[{"href":"https:\/\/www.europesays.com\/lv\/wp-json\/wp\/v2\/types\/post"}],"author":[{"embeddable":true,"href":"https:\/\/www.europesays.com\/lv\/wp-json\/wp\/v2\/users\/2"}],"replies":[{"embeddable":true,"href":"https:\/\/www.europesays.com\/lv\/wp-json\/wp\/v2\/comments?post=111801"}],"version-history":[{"count":0,"href":"https:\/\/www.europesays.com\/lv\/wp-json\/wp\/v2\/posts\/111801\/revisions"}],"wp:featuredmedia":[{"embeddable":true,"href":"https:\/\/www.europesays.com\/lv\/wp-json\/wp\/v2\/media\/111802"}],"wp:attachment":[{"href":"https:\/\/www.europesays.com\/lv\/wp-json\/wp\/v2\/media?parent=111801"}],"wp:term":[{"taxonomy":"category","embeddable":true,"href":"https:\/\/www.europesays.com\/lv\/wp-json\/wp\/v2\/categories?post=111801"},{"taxonomy":"post_tag","embeddable":true,"href":"https:\/\/www.europesays.com\/lv\/wp-json\/wp\/v2\/tags?post=111801"}],"curies":[{"name":"wp","href":"https:\/\/api.w.org\/{rel}","templated":true}]}}