{"id":111853,"date":"2026-01-23T14:51:07","date_gmt":"2026-01-23T14:51:07","guid":{"rendered":"https:\/\/www.europesays.com\/lv\/111853\/"},"modified":"2026-01-23T14:51:07","modified_gmt":"2026-01-23T14:51:07","slug":"aktivisti-zino-ka-irana-protestos-nogalinati-jau-5000-cilveku-1188-lv","status":"publish","type":"post","link":"https:\/\/www.europesays.com\/lv\/111853\/","title":{"rendered":"Akt\u012bvisti zi\u0146o, ka Ir\u0101n\u0101 protestos nogalin\u0101ti jau 5000 cilv\u0113ku &#8211; 1188.lv"},"content":{"rendered":"<ol>\n<li><a href=\"https:\/\/news.google.com\/rss\/articles\/CBMimAFBVV95cUxNQTVnOWVwRnh5ZmJoNHB5aF9qNVhPMmxnMFFkR2ZRYVppNWIzRzVvcnNjZDl4S003U214WDlaRkkwVUY3QzVrbk5hNTg3ZXhnS3NhNzJaSXp2OGpoNmowV3lZUVhuci11aXV1M25wYjUzN1JFX0RtWEdSUjhqblkxYUEwU21HMnhSWUpETXBJNkxBdnpCTHpoag?oc=5\" target=\"_blank\" rel=\"nofollow noopener\">Akt\u012bvisti zi\u0146o, ka Ir\u0101n\u0101 protestos nogalin\u0101ti jau 5000 cilv\u0113ku<\/a>&nbsp;&nbsp;1188.lv<\/li>\n<li><a href=\"https:\/\/news.google.com\/rss\/articles\/CBMi5AFBVV95cUxOblFhY0FkZWZCMnRhQ3JMa1VNelVnd0RhU0lXQW1EQW1UNW5ybzJUWkhfeVpqSjBJVW5kRFltb0VqZ25EM2RDNDg2UWphTmNMa0tpcERLNWliNzNTWTFxN3o2UTY1N09leENEUU8taGZOcGZ2OHVOMkZjTjVCd2hwam1la21mRm5NRmF4clR0WjVoYVl2RFNONnRHU0U4TngzN21TTGV5allWY3dZMFlKV19nTEVEUWlzZFd5V3VmWUFUSWpvTVktaGxQdlJRY0pFeVVtWEhQNHVCLTRDTFVJV0FaenQ?oc=5\" target=\"_blank\" rel=\"nofollow noopener\">Ir\u0101n\u0101 medijiem aizliedz atkl\u0101t patiesu inform\u0101ciju par protestos nogalin\u0101to cilv\u0113ku skaitu \/ Raksts<\/a>&nbsp;&nbsp;LSM<\/li>\n<li><a href=\"https:\/\/news.google.com\/rss\/articles\/CBMilgFBVV95cUxOVmttZU5mNFNvbUIxX19IbER1dVVaVFRGcmtOLUMxajNhMDJmalNVZ3lGbHEydVJ3NkxPZ01UZkFBVWRJMlY5ZF9EVXdhTHFsU1NYN1BJa3AwMlNIeVpYNUViTG8xODVtQWNNYXBxcHowdGcta0R3MXZqMDR6UUUyNVhheDdFd1pHNlpIVVFyWlZiUjlLNmc?oc=5\" target=\"_blank\" rel=\"nofollow noopener\">Ir\u0101nas protestu laik\u0101 nogalin\u0101ti 5000 cilv\u0113ku, pazi\u0146o akt\u012bvisti<\/a>&nbsp;&nbsp;TVNET<\/li>\n<li><a href=\"https:\/\/news.google.com\/rss\/articles\/CBMif0FVX3lxTFBQSDVaVGdPMFlHb2FvajNzRlA0VXJrMG45MG0xZmN3WnNTT25EcG5YYm53ZHRDTFl4RW4yOE1vU1d2dDRFM2N5VnVmWl9XUVEtNTczSThJbTNUS1ZiS0QyNzhoUjlJU1l6emFqaXZJWGNlSUIyeGdrSmpHM1p0R1E?oc=5\" target=\"_blank\" rel=\"nofollow noopener\">\u201c\u0160is \u0161obr\u012bd ir svar\u012bgais jaut\u0101jums pasaul\u0113!\u201d nor\u0101da Jundzis<\/a>&nbsp;&nbsp;LA.LV<\/li>\n<li><a href=\"https:\/\/news.google.com\/rss\/articles\/CBMiyAFBVV95cUxPUlJRV3VVaUZjUmJIT2tqa0JuaHNvaWVsRnQ4WHRGZXJHRHlNWkZjYkdBYVZFWml1eTRXSUQ4WDRPd3ZlcEVMMVpiWFZYU2UxcW5CSk5CTUtNUDNodE5ETnpXeFRjd3B5WnZ6bmRkOVBnclVpRU9EbW5td0hRQUVWNXF1ZDRZdEhRNm9STVhGM0JlaUtYc2hQNHVZczVnRjk3QmFtR1hVbjNaaWVHU3JSUDQwdlp4emlnQjBIMUdIUmI4NVdQQ1FEZw?oc=5\" target=\"_blank\" rel=\"nofollow noopener\">Ir\u0101nas policijas priek\u0161nieks aicina protest\u0113t\u0101jus padoties policijai, solot piem\u0113rot viegl\u0101kus sodus<\/a>&nbsp;&nbsp;Apollo.lv<\/li>\n<\/ol>\n","protected":false},"excerpt":{"rendered":"Akt\u012bvisti zi\u0146o, ka Ir\u0101n\u0101 protestos nogalin\u0101ti jau 5000 cilv\u0113ku&nbsp;&nbsp;1188.lv Ir\u0101n\u0101 medijiem aizliedz atkl\u0101t patiesu inform\u0101ciju par protestos nogalin\u0101to&hellip;\n","protected":false},"author":2,"featured_media":111854,"comment_status":"","ping_status":"","sticky":false,"template":"","format":"standard","meta":{"footnotes":""},"categories":[14],"tags":[129,3020,4091,23,57,28,29,32,33,22,30,31,35,39,38,36,37,34,40,20,26,27,3021,4092,3022,4093,24,25,54,55,56,21,58],"class_list":{"0":"post-111853","1":"post","2":"type-post","3":"status-publish","4":"format-standard","5":"has-post-thumbnail","7":"category-zinas-no-arvalstim","8":"tag-__typenameadvicekeyword","9":"tag-id1303","10":"tag-id829","11":"tag-aktualitates","12":"tag-arvalstim","13":"tag-breaking-news","14":"tag-breakingnews","15":"tag-featured-news","16":"tag-featurednews","17":"tag-headlines","18":"tag-latest-news","19":"tag-latestnews","20":"tag-latvia","21":"tag-latvian","22":"tag-latviesu","23":"tag-latviesu-valoda","24":"tag-latviesuvaloda","25":"tag-latvija","26":"tag-lv","27":"tag-news","28":"tag-popularakas-zinas","29":"tag-popularakaszinas","30":"tag-slugirana","31":"tag-slugprotesti","32":"tag-titleirana","33":"tag-titleprotesti","34":"tag-top-stories","35":"tag-topstories","36":"tag-world","37":"tag-world-news","38":"tag-worldnews","39":"tag-zinas","40":"tag-zinas-no-arvalstim"},"share_on_mastodon":{"url":"","error":"Validation failed: Text character limit of 500 exceeded"},"_links":{"self":[{"href":"https:\/\/www.europesays.com\/lv\/wp-json\/wp\/v2\/posts\/111853","targetHints":{"allow":["GET"]}}],"collection":[{"href":"https:\/\/www.europesays.com\/lv\/wp-json\/wp\/v2\/posts"}],"about":[{"href":"https:\/\/www.europesays.com\/lv\/wp-json\/wp\/v2\/types\/post"}],"author":[{"embeddable":true,"href":"https:\/\/www.europesays.com\/lv\/wp-json\/wp\/v2\/users\/2"}],"replies":[{"embeddable":true,"href":"https:\/\/www.europesays.com\/lv\/wp-json\/wp\/v2\/comments?post=111853"}],"version-history":[{"count":0,"href":"https:\/\/www.europesays.com\/lv\/wp-json\/wp\/v2\/posts\/111853\/revisions"}],"wp:featuredmedia":[{"embeddable":true,"href":"https:\/\/www.europesays.com\/lv\/wp-json\/wp\/v2\/media\/111854"}],"wp:attachment":[{"href":"https:\/\/www.europesays.com\/lv\/wp-json\/wp\/v2\/media?parent=111853"}],"wp:term":[{"taxonomy":"category","embeddable":true,"href":"https:\/\/www.europesays.com\/lv\/wp-json\/wp\/v2\/categories?post=111853"},{"taxonomy":"post_tag","embeddable":true,"href":"https:\/\/www.europesays.com\/lv\/wp-json\/wp\/v2\/tags?post=111853"}],"curies":[{"name":"wp","href":"https:\/\/api.w.org\/{rel}","templated":true}]}}