{"id":111865,"date":"2026-01-23T15:09:06","date_gmt":"2026-01-23T15:09:06","guid":{"rendered":"https:\/\/www.europesays.com\/lv\/111865\/"},"modified":"2026-01-23T15:09:06","modified_gmt":"2026-01-23T15:09:06","slug":"grenlandes-jautajumi-risinami-nato-un-starptautisko-tiesibu-robezas","status":"publish","type":"post","link":"https:\/\/www.europesays.com\/lv\/111865\/","title":{"rendered":"Grenlandes jaut\u0101jumi risin\u0101mi NATO un starptautisko ties\u012bbu robe\u017e\u0101s"},"content":{"rendered":"<p>T\u0101pat Valsts prezidents, kur\u0161 \u0161oned\u0113\u013c apmekl\u0113ja Pasaules ekonomikas forumu Davos\u0101, rezum\u0113ja, ka Latvija atbalst\u012bs jebkuras <a href=\"https:\/\/www.tvnet.lv\/term\/9898\/nato\" class=\"topicLink\" target=\"_blank\" rel=\"nofollow noopener\">NATO<\/a> darb\u012bbas Arktikas re\u0123ion\u0101, par kur\u0101m vienosies sabiedrotie, stiprinot re\u0123iona dro\u0161\u012bbu.<\/p>\n<p>Rink\u0113vi\u010ds skaidroja, ka sarun\u0101s p\u0101rrun\u0101tas ASV un Eiropas transatlantisk\u0101s attiec\u012bbas, tostarp nesen\u0101s diskusijas par Grenlandi. Vi\u0146\u0161 nor\u0101d\u012bja, ka Latvija ir vienispr\u0101tis, ka gan D\u0101nija, gan ASV ir labi sabiedrotie, un pauda v\u0113lmi, lai visi jaut\u0101jumi tiktu risin\u0101ti tie\u0161\u0101 dialog\u0101 NATO.<\/p>\n<p>Rink\u0113vi\u010ds pozit\u012bvi v\u0113rt\u0113ja Davosas konferences laik\u0101 pan\u0101kto vieno\u0161anos Arktikas dro\u0161\u012bbas jaut\u0101jumus risin\u0101t NATO, D\u0101nijai un ASV sadarbojoties kole\u0123i\u0101li. Vi\u0146\u0161 akcent\u0113ja, ka izdevies izvair\u012bties no nopietn\u0101m un t\u0101lejo\u0161\u0101m domstarp\u012bb\u0101m, vienlaikus uzsverot, ka <a href=\"https:\/\/www.tvnet.lv\/term\/556529\/grenlande\" class=\"topicLink\" target=\"_blank\" rel=\"nofollow noopener\">Grenlande<\/a> ir neat\u0146emama D\u0101nijas da\u013ca un visi jaut\u0101jumi risin\u0101mi, iev\u0113rojot starptautisko ties\u012bbu principus.<\/p>\n<p>Valsts prezidents nor\u0101d\u012bja, ka Latvijas sadarb\u012bba ar ASV aizsardz\u012bbas un dro\u0161\u012bbas jom\u0101 ir \u013coti laba, un, neraugoties uz da\u017e\u0101du retoriku un diskusij\u0101m, Latvija turpin\u0101s str\u0101d\u0101t, lai Baltijas re\u0123ions veicin\u0101tu transatlantisko sadarb\u012bbu sare\u017e\u0123\u012btaj\u0101 starptautiskaj\u0101 situ\u0101cij\u0101.<\/p>\n","protected":false},"excerpt":{"rendered":"T\u0101pat Valsts prezidents, kur\u0161 \u0161oned\u0113\u013c apmekl\u0113ja Pasaules ekonomikas forumu Davos\u0101, rezum\u0113ja, ka Latvija atbalst\u012bs jebkuras NATO darb\u012bbas Arktikas&hellip;\n","protected":false},"author":2,"featured_media":111866,"comment_status":"","ping_status":"","sticky":false,"template":"","format":"standard","meta":{"footnotes":""},"categories":[14],"tags":[23,57,28,29,816,32,33,20878,25644,22,30,31,35,39,38,36,37,34,40,71,20,26,27,24,25,54,55,56,21,58],"class_list":{"0":"post-111865","1":"post","2":"type-post","3":"status-publish","4":"format-standard","5":"has-post-thumbnail","7":"category-zinas-no-arvalstim","8":"tag-aktualitates","9":"tag-arvalstim","10":"tag-breaking-news","11":"tag-breakingnews","12":"tag-edgars-rinkevics","13":"tag-featured-news","14":"tag-featurednews","15":"tag-grenlande","16":"tag-grenlandes-konflikts","17":"tag-headlines","18":"tag-latest-news","19":"tag-latestnews","20":"tag-latvia","21":"tag-latvian","22":"tag-latviesu","23":"tag-latviesu-valoda","24":"tag-latviesuvaloda","25":"tag-latvija","26":"tag-lv","27":"tag-nato","28":"tag-news","29":"tag-popularakas-zinas","30":"tag-popularakaszinas","31":"tag-top-stories","32":"tag-topstories","33":"tag-world","34":"tag-world-news","35":"tag-worldnews","36":"tag-zinas","37":"tag-zinas-no-arvalstim"},"share_on_mastodon":{"url":"https:\/\/pubeurope.com\/@lv\/115945050116587418","error":""},"_links":{"self":[{"href":"https:\/\/www.europesays.com\/lv\/wp-json\/wp\/v2\/posts\/111865","targetHints":{"allow":["GET"]}}],"collection":[{"href":"https:\/\/www.europesays.com\/lv\/wp-json\/wp\/v2\/posts"}],"about":[{"href":"https:\/\/www.europesays.com\/lv\/wp-json\/wp\/v2\/types\/post"}],"author":[{"embeddable":true,"href":"https:\/\/www.europesays.com\/lv\/wp-json\/wp\/v2\/users\/2"}],"replies":[{"embeddable":true,"href":"https:\/\/www.europesays.com\/lv\/wp-json\/wp\/v2\/comments?post=111865"}],"version-history":[{"count":0,"href":"https:\/\/www.europesays.com\/lv\/wp-json\/wp\/v2\/posts\/111865\/revisions"}],"wp:featuredmedia":[{"embeddable":true,"href":"https:\/\/www.europesays.com\/lv\/wp-json\/wp\/v2\/media\/111866"}],"wp:attachment":[{"href":"https:\/\/www.europesays.com\/lv\/wp-json\/wp\/v2\/media?parent=111865"}],"wp:term":[{"taxonomy":"category","embeddable":true,"href":"https:\/\/www.europesays.com\/lv\/wp-json\/wp\/v2\/categories?post=111865"},{"taxonomy":"post_tag","embeddable":true,"href":"https:\/\/www.europesays.com\/lv\/wp-json\/wp\/v2\/tags?post=111865"}],"curies":[{"name":"wp","href":"https:\/\/api.w.org\/{rel}","templated":true}]}}