{"id":111871,"date":"2026-01-23T15:14:06","date_gmt":"2026-01-23T15:14:06","guid":{"rendered":"https:\/\/www.europesays.com\/lv\/111871\/"},"modified":"2026-01-23T15:14:06","modified_gmt":"2026-01-23T15:14:06","slug":"asociacijai-bazas-par-iespejamu-lidzeklu-neefektivu-izmantosanu-siltumenergijas-iepirkuma-riga-dienas-bizness-2","status":"publish","type":"post","link":"https:\/\/www.europesays.com\/lv\/111871\/","title":{"rendered":"Asoci\u0101cijai ba\u017eas par iesp\u0113jamu l\u012bdzek\u013cu neefekt\u012bvu izmanto\u0161anu siltumener\u0123ijas iepirkum\u0101 R\u012bg\u0101 :: Dienas Bizness"},"content":{"rendered":"<p class=\"text-font font-size--text-xlarge margin-3--bottom font-weight--bold padding-1--top\">R\u012bgas Ilgtsp\u0113j\u012bgas Siltumapg\u0101des Asoci\u0101cija inform\u0113, ka 2026. gada janv\u0101r\u012b 15 dienas no pirmaj\u0101m 23 m\u0113ne\u0161a dien\u0101m no viena R\u012bg\u0101 str\u0101d\u0101jo\u0161a siltumener\u0123ijas ra\u017eot\u0101ja \u2014 SIA \u201cEco Energy Riga\u201d, kas ra\u017eo\u0161anas proces\u0101 izmanto viet\u0113jo biomasas kurin\u0101mo \u2014 nav tikusi iepirkta siltumener\u0123ija par zem\u0101ku cenu 50.99 EUR\/MWh (cena, ar kuru ra\u017eot\u0101js str\u0101d\u0101ja 2025. gada oktobr\u012b, novembr\u012b un decembr\u012b).<\/p>\n<p class=\"text-font font-size--text-xlarge margin-3--bottom\">\u0160aj\u0101 period\u0101 nav iepirkti 5853 MWh siltumener\u0123ijas. Taj\u0101 pa\u0161\u0101 laik\u0101 \u0161is apjoms tirg\u016b ir ticis iepirkts no citiem ra\u017eot\u0101jiem, tostarp Latvenergo TEC-2, par cenu 69.81 EUR\/MWh. Tas ir par 36% d\u0101rg\u0101k nek\u0101 tirg\u016b pieejamais alternat\u012bvais pied\u0101v\u0101jums, nor\u0101da asoci\u0101cijas valdes priek\u0161s\u0113d\u0113t\u0101js J\u0101nis Timma. Vi\u0146\u0161 skaidro, ka naud\u0101 cenu starp\u012bba ir 18.82 EUR\/MWh un neiepirkt\u0101 apjoma starp\u012bba ir 5853 MWh.<\/p>\n<p class=\"text-font font-size--text-xlarge margin-3--bottom\">&#8220;Tas noz\u012bm\u0113, ka \u0161aj\u0101s 15 dien\u0101s siltumener\u0123ijas iepirkum\u0101 ir p\u0101rsamaks\u0101ti aptuveni 110 153 EUR vair\u0101k, nek\u0101 b\u016btu bijis nepiecie\u0161ams, ja tiktu izmantots l\u0113t\u0101kais pieejamais pied\u0101v\u0101jums. \u0160\u012b summa gala rezult\u0101t\u0101 atspogu\u013cojas R\u012bgas iedz\u012bvot\u0101ju apkures r\u0113\u0137inos,&#8221; nor\u0101da J.Timma.<\/p>\n<p class=\"text-font font-size--text-xlarge margin-3--bottom\">&#8220;Vienlaikus ekonomikas ministrs publiski br\u012bdina sabiedr\u012bbu par gaid\u0101miem augstiem apkures r\u0113\u0137iniem janv\u0101r\u012b un aicina sasaukt \u0101rk\u0101rtas s\u0113di par situ\u0101ciju siltumapg\u0101d\u0113. Tom\u0113r R\u012bgas siltumapg\u0101des sist\u0113m\u0101 \u0161aj\u0101 pa\u0161\u0101 laik\u0101 netiek izmantota iesp\u0113ja iepirkt b\u016btiski l\u0113t\u0101ku siltumu no viet\u0113j\u0101 ra\u017eot\u0101ja. \u0160is nav teor\u0113tisks tirgus jaut\u0101jums. \u0160is ir jaut\u0101jums par konkr\u0113tiem iepirkuma l\u0113mumiem konkr\u0113t\u0101s dien\u0101s, ar konkr\u0113t\u0101m cen\u0101m un izm\u0113r\u0101mu finansi\u0101lu ietekmi uz iedz\u012bvot\u0101jiem,&#8221; teic asoci\u0101cijas vad\u012bt\u0101js.<\/p>\n<p class=\"text-font font-size--text-xlarge margin-3--bottom\">R\u012bgas Ilgtsp\u0113j\u012bgas Siltumapg\u0101des Asoci\u0101cija ce\u013c trauksmi par iesp\u0113jamu l\u012bdzek\u013cu neefekt\u012bvu izmanto\u0161anu siltumener\u0123ijas iepirkum\u0101 R\u012bg\u0101, un aicina Ekonomikas ministriju un R\u012bgas domi veikt nekav\u0113jo\u0161as darb\u012bbas \u0161\u012bs situ\u0101cijas izv\u0113rt\u0113\u0161anai un nov\u0113r\u0161anai, k\u0101 ar\u012b situ\u0101cijas neatkar\u012bgai p\u0101rbaudei iesaist\u012bt Valsts kontroli un Latvijas Republikas Prokurat\u016bru.<\/p>\n<p class=\"text-font font-size--text-xlarge margin-3--bottom\">Asoci\u0101cija aicina publiski skaidrot siltumener\u0123ijas iepirkuma principus 2026. gada janv\u0101r\u012b, publiskot faktisk\u0101s iepirkuma cenas no visiem ra\u017eot\u0101jiem un publiski skaidrot sabiedr\u012bbai siltuma iepirkuma principus janv\u0101r\u012b; publiskot faktisk\u0101s iepirkuma cenas no visiem ra\u017eot\u0101jiem; nekav\u0113joties nodro\u0161in\u0101t, ka turpm\u0101k tiek iepirkta visa l\u0113t\u0101k\u0101 pieejam\u0101 siltumener\u0123ija.<\/p>\n<p class=\"text-font font-size--text-xlarge margin-3--bottom\">AS R\u012bgas siltums asoci\u0101cijas paustaj\u0101m ba\u017e\u0101m nepiekr\u012bt un p\u0101rmetumus noraida k\u0101 nepamatotus. Uz\u0146\u0113muma strat\u0113\u0123isk\u0101s komunik\u0101cijas da\u013cas vad\u012bt\u0101js Ivo Valdovskis atg\u0101dina, ka iepirkums ik dienu notiek saska\u0146\u0101 ar likumu, izsol\u0113 izv\u0113loties zem\u0101ko cenu, kuru tobr\u012bd pied\u0101v\u0101 izsoles dal\u012bbnieki.<\/p>\n<p class=\"text-font font-size--text-xlarge margin-3--bottom\">Ekonomikas ministrs Viktors Valainis (ZZS) rosina nekav\u0113joties sasaukt Valsts ener\u0123\u0113tisk\u0101s kr\u012bzes centra \u0101rk\u0101rtas s\u0113di, lai rastu efekt\u012bvus risin\u0101jumus iedz\u012bvot\u0101ju atbalstam, inform\u0113ja Ekonomikas ministrija (EM).<\/p>\n<p class=\"text-font font-size--text-xlarge margin-3--bottom\">Ministrs ir devis uzdevumu EM sazin\u0101ties ar Valsts ener\u0123\u0113tisk\u0101s kr\u012bzes centru, lai jau iesp\u0113jami dr\u012bz tiktu sasaukta \u0101rk\u0101rtas s\u0113de.<\/p>\n<p class=\"text-font font-size--text-xlarge margin-3--bottom\">Valainis uzsver, ka, p\u0113c AS &#8220;R\u012bgas siltums&#8221; sniegt\u0101s inform\u0101cijas, \u0161ogad janv\u0101ris Latvij\u0101 bijis aukst\u0101kais p\u0113d\u0113jo 15 gadu laik\u0101 un otrs aukst\u0101kais p\u0113d\u0113jo 30 gadu laik\u0101 kop\u0161 uz\u0146\u0113muma past\u0101v\u0113\u0161anas. Tas tie\u0161i ietekm\u0113jis siltumener\u0123ijas pat\u0113ri\u0146u un rezult\u0113sies b\u016btiski liel\u0101kos apkures r\u0113\u0137inos m\u0101jsaimniec\u012bb\u0101m.<\/p>\n<p class=\"text-font font-size--text-xlarge margin-3--bottom\">Valai\u0146a ieskat\u0101 \u0161\u0101dos apst\u0101k\u013cos ir nepiecie\u0161ama valsts l\u012bme\u0146a koordin\u0113ta r\u012bc\u012bba, ko nodro\u0161in\u0101tu Valsts ener\u0123\u0113tisk\u0101s kr\u012bzes centra \u0101rk\u0101rtas s\u0113des sasauk\u0161ana.<\/p>\n<p class=\"text-font font-size--text-xlarge margin-3--bottom\">Strauji pieaugu\u0161ais maks\u0101jumu slogs rada nopietnas ba\u017eas par iedz\u012bvot\u0101ju iesp\u0113j\u0101m nor\u0113\u0137in\u0101ties par komun\u0101lajiem pakalpojumiem \u0161\u012bs ziemas m\u0113ne\u0161os, uzskata Valainis.<\/p>\n<p class=\"text-font font-size--text-xlarge margin-3--bottom\">Vi\u0146apr\u0101t, Valsts ener\u0123\u0113tisk\u0101s kr\u012bzes centra \u0101rk\u0101rtas s\u0113des form\u0101ts ir atbilsto\u0161s, lai ne tikai operat\u012bvi nov\u0113rt\u0113tu situ\u0101ciju, bet vienlaikus pie\u0146emtu l\u0113mumus par atbalsta pas\u0101kumiem augsto r\u0113\u0137inu sloga mazin\u0101\u0161anai m\u0101jsaimniec\u012bb\u0101m.<\/p>\n","protected":false},"excerpt":{"rendered":"R\u012bgas Ilgtsp\u0113j\u012bgas Siltumapg\u0101des Asoci\u0101cija inform\u0113, ka 2026. gada janv\u0101r\u012b 15 dienas no pirmaj\u0101m 23 m\u0113ne\u0161a dien\u0101m no viena&hellip;\n","protected":false},"author":2,"featured_media":111864,"comment_status":"","ping_status":"","sticky":false,"template":"","format":"standard","meta":{"footnotes":""},"categories":[16],"tags":[869,77,870,76,867,35,39,38,36,37,34,871,868,40,21],"class_list":{"0":"post-111871","1":"post","2":"type-post","3":"status-publish","4":"format-standard","5":"has-post-thumbnail","7":"category-bizness","8":"tag-biznesa-zinas","9":"tag-bizness","10":"tag-bizness-latvija","11":"tag-business","12":"tag-dienas-zinas","13":"tag-latvia","14":"tag-latvian","15":"tag-latviesu","16":"tag-latviesu-valoda","17":"tag-latviesuvaloda","18":"tag-latvija","19":"tag-latvijas-biznesa-zinas","20":"tag-latvijas-zinas","21":"tag-lv","22":"tag-zinas"},"share_on_mastodon":{"url":"https:\/\/pubeurope.com\/@lv\/115945069787861091","error":""},"_links":{"self":[{"href":"https:\/\/www.europesays.com\/lv\/wp-json\/wp\/v2\/posts\/111871","targetHints":{"allow":["GET"]}}],"collection":[{"href":"https:\/\/www.europesays.com\/lv\/wp-json\/wp\/v2\/posts"}],"about":[{"href":"https:\/\/www.europesays.com\/lv\/wp-json\/wp\/v2\/types\/post"}],"author":[{"embeddable":true,"href":"https:\/\/www.europesays.com\/lv\/wp-json\/wp\/v2\/users\/2"}],"replies":[{"embeddable":true,"href":"https:\/\/www.europesays.com\/lv\/wp-json\/wp\/v2\/comments?post=111871"}],"version-history":[{"count":0,"href":"https:\/\/www.europesays.com\/lv\/wp-json\/wp\/v2\/posts\/111871\/revisions"}],"wp:featuredmedia":[{"embeddable":true,"href":"https:\/\/www.europesays.com\/lv\/wp-json\/wp\/v2\/media\/111864"}],"wp:attachment":[{"href":"https:\/\/www.europesays.com\/lv\/wp-json\/wp\/v2\/media?parent=111871"}],"wp:term":[{"taxonomy":"category","embeddable":true,"href":"https:\/\/www.europesays.com\/lv\/wp-json\/wp\/v2\/categories?post=111871"},{"taxonomy":"post_tag","embeddable":true,"href":"https:\/\/www.europesays.com\/lv\/wp-json\/wp\/v2\/tags?post=111871"}],"curies":[{"name":"wp","href":"https:\/\/api.w.org\/{rel}","templated":true}]}}