{"id":111877,"date":"2026-01-23T15:23:22","date_gmt":"2026-01-23T15:23:22","guid":{"rendered":"https:\/\/www.europesays.com\/lv\/111877\/"},"modified":"2026-01-23T15:23:22","modified_gmt":"2026-01-23T15:23:22","slug":"video-%e2%9f%a9-latvija-aizvadits-skaistumkonkurss-kazam-vests-sasmidina-zinu-diktorus","status":"publish","type":"post","link":"https:\/\/www.europesays.com\/lv\/111877\/","title":{"rendered":"VIDEO \u27e9 Latvij\u0101 aizvad\u012bts skaistumkonkurss kaz\u0101m; v\u0113sts sasm\u012bdina zi\u0146u diktorus"},"content":{"rendered":"<p>K\u0101 v\u0113sta Zemgales re\u0123ion\u0101l\u0101 telev\u012bzija, konkurs\u0101 uzvar\u0113t\u0101ju noteica soci\u0101lo t\u012bklu lietot\u0101ji, kuri balsoja par skaist\u0101ko kazu, un uzvar\u0113t\u0101ja Pu\u0137\u012bte ieguva 166 balsis. Pu\u0137\u012bte dz\u012bvo saimniec\u012bb\u0101 &#8220;Laim\u012bgo kolliju zeme&#8221; V\u0101nes pagast\u0101.<\/p>\n<p>Latvijas viet\u0113j\u0101 kaza ir \u0161\u0137irne, kas Latvij\u0101 pieteikta 1911. gad\u0101, un gadu gait\u0101, piel\u0101gojoties viet\u0113jiem apst\u0101k\u013ciem, kaz\u0101m izveidojusies \u012bpa\u0161a popul\u0101cija, \u012bpa\u0161i iztur\u012bga m\u016bsu klimat\u0101 un pret vair\u0101k\u0101m slim\u012bb\u0101m.<\/p>\n<p>Latvijas Kazkop\u012bbas biedr\u012bbas valdes priek\u0161s\u0113d\u0113t\u0101ja Krist\u012bne Piliena uzsver, ka pa\u0161laik \u0161\u012bs \u0161\u0137irnes p\u0101rst\u0101vju skaits Latvij\u0101 ir k\u013cuvis kritiski zems, t\u0101d\u0113\u013c to der\u0113tu atjaunot.<\/p>\n<p>&#8220;M\u016bsu m\u0113r\u0137is ir populariz\u0113t \u0161o \u0161\u0137irni un teikt Latvijai, ka, j\u0101, mums ir t\u0101da \u0161\u0137irne, un vair\u0101k piev\u0113rst uzman\u012bbu savai nacion\u0101lajai v\u0113rt\u012bbai,&#8221; teica Piliena.<\/p>\n<p>Video: Si\u017eets par kazu skaistumkonkursu sasm\u012bdina zi\u0146u diktorus:<\/p>\n","protected":false},"excerpt":{"rendered":"K\u0101 v\u0113sta Zemgales re\u0123ion\u0101l\u0101 telev\u012bzija, konkurs\u0101 uzvar\u0113t\u0101ju noteica soci\u0101lo t\u012bklu lietot\u0101ji, kuri balsoja par skaist\u0101ko kazu, un uzvar\u0113t\u0101ja&hellip;\n","protected":false},"author":2,"featured_media":111878,"comment_status":"","ping_status":"","sticky":false,"template":"","format":"standard","meta":{"footnotes":""},"categories":[5],"tags":[23,28,29,32,33,22,30,31,35,39,38,36,37,34,7604,40,20,20487,26,27,24,25,21],"class_list":{"0":"post-111877","1":"post","2":"type-post","3":"status-publish","4":"format-standard","5":"has-post-thumbnail","7":"category-aktualitates","8":"tag-aktualitates","9":"tag-breaking-news","10":"tag-breakingnews","11":"tag-featured-news","12":"tag-featurednews","13":"tag-headlines","14":"tag-latest-news","15":"tag-latestnews","16":"tag-latvia","17":"tag-latvian","18":"tag-latviesu","19":"tag-latviesu-valoda","20":"tag-latviesuvaloda","21":"tag-latvija","22":"tag-lauksaimnieciba","23":"tag-lv","24":"tag-news","25":"tag-panorama","26":"tag-popularakas-zinas","27":"tag-popularakaszinas","28":"tag-top-stories","29":"tag-topstories","30":"tag-zinas"},"share_on_mastodon":{"url":"https:\/\/pubeurope.com\/@lv\/115945105179006645","error":""},"_links":{"self":[{"href":"https:\/\/www.europesays.com\/lv\/wp-json\/wp\/v2\/posts\/111877","targetHints":{"allow":["GET"]}}],"collection":[{"href":"https:\/\/www.europesays.com\/lv\/wp-json\/wp\/v2\/posts"}],"about":[{"href":"https:\/\/www.europesays.com\/lv\/wp-json\/wp\/v2\/types\/post"}],"author":[{"embeddable":true,"href":"https:\/\/www.europesays.com\/lv\/wp-json\/wp\/v2\/users\/2"}],"replies":[{"embeddable":true,"href":"https:\/\/www.europesays.com\/lv\/wp-json\/wp\/v2\/comments?post=111877"}],"version-history":[{"count":0,"href":"https:\/\/www.europesays.com\/lv\/wp-json\/wp\/v2\/posts\/111877\/revisions"}],"wp:featuredmedia":[{"embeddable":true,"href":"https:\/\/www.europesays.com\/lv\/wp-json\/wp\/v2\/media\/111878"}],"wp:attachment":[{"href":"https:\/\/www.europesays.com\/lv\/wp-json\/wp\/v2\/media?parent=111877"}],"wp:term":[{"taxonomy":"category","embeddable":true,"href":"https:\/\/www.europesays.com\/lv\/wp-json\/wp\/v2\/categories?post=111877"},{"taxonomy":"post_tag","embeddable":true,"href":"https:\/\/www.europesays.com\/lv\/wp-json\/wp\/v2\/tags?post=111877"}],"curies":[{"name":"wp","href":"https:\/\/api.w.org\/{rel}","templated":true}]}}