{"id":111886,"date":"2026-01-23T15:38:06","date_gmt":"2026-01-23T15:38:06","guid":{"rendered":"https:\/\/www.europesays.com\/lv\/111886\/"},"modified":"2026-01-23T15:38:06","modified_gmt":"2026-01-23T15:38:06","slug":"donalds-tramps-laiz-klaja-jaunu-kriptovalutu-akcionariem-sava-uznemuma-lente-lv","status":"publish","type":"post","link":"https:\/\/www.europesays.com\/lv\/111886\/","title":{"rendered":"Donalds Tramps lai\u017e klaj\u0101 jaunu kriptoval\u016btu akcion\u0101riem sav\u0101 uz\u0146\u0113mum\u0101\u00a0\u2014\u00a0Lente.lv"},"content":{"rendered":"<p>Jauns digit\u0101lais \u017eetons akcion\u0101riem<\/p>\n<p>Komp\u0101nija, kas saist\u012bta ar biju\u0161o ASV prezidentu Donaldu Trampu, ir pazi\u0146ojusi par pl\u0101niem izlaist jaunu digit\u0101lo \u017eetonu, kas paredz\u0113ts t\u0101 akcion\u0101riem. Tiek zi\u0146ots, ka 2026. gada 2. febru\u0101ris b\u016bs atskaites datums, p\u0113c kura persona, kas ir vismaz viena pilna uz\u0146\u0113muma DJT akcijas \u012bpa\u0161nieks, ieg\u016bs ties\u012bbas sa\u0146emt \u0161o jauno digit\u0101lo akt\u012bvu.<\/p>\n<p>\u0160is \u017eetons tiks pie\u0161\u0137irts Trump Media and Technology Group Corp. akcion\u0101riem. Min\u0113tais uz\u0146\u0113mums p\u0101rvalda soci\u0101lo t\u012bklu Truth Social, straum\u0113\u0161anas platformu Truth+ un finan\u0161u tehnolo\u0123iju z\u012bmolu Truth.Fi. Ties\u012bbas sa\u0146emt \u017eetonus b\u016bs gan re\u0123istr\u0113tajiem akciju \u012bpa\u0161niekiem, gan to galvenajiem labuma guv\u0113jiem.<\/p>\n<p>Tehnolo\u0123iskais risin\u0101jums un bonusi<\/p>\n<p>P\u0113c noteikt\u0101s datuma fiks\u0101cijas Trump Media sadarb\u012bb\u0101 ar Crypto.com s\u0101ks emit\u0113t (ra\u017eot) \u0161os \u017eetonus, re\u0123istr\u0113s tos blok\u0137\u0113d\u0113 un glab\u0101s digit\u0101los akt\u012bvus l\u012bdz br\u012bdim, kad tie tiks sadal\u012bti starp akcion\u0101riem. Par tehnolo\u0123isko pamatu izraudz\u012bts Crypto.com kriptoval\u016btu bir\u017eas Cronos blok\u0137\u0113de, kas nodro\u0161ina gan \u0101trumu, gan m\u0113rogojam\u012bbu.<\/p>\n<p>Jau iepriek\u0161 uz\u0146\u0113mums bija inform\u0113jis, ka akcion\u0101ri, kas sa\u0146ems \u017eetonus, visa gada garum\u0101 var\u0113tu sa\u0146emt da\u017e\u0101dus papildu labumus, piem\u0113ram, atlaides vai priek\u0161roc\u012bbas uz Trump Media produktiem un pakalpojumiem. Tom\u0113r uz\u0146\u0113mums ir uzsv\u0113ris, ka \u0161ie \u017eetoni negarant\u0113s \u012bpa\u0161umties\u012bbas uz Trump Media vai jebkuru citu strukt\u016bru, nedos balssties\u012bbas vai ties\u012bbas uz pe\u013c\u0146as da\u013cu, un visticam\u0101k, tos neb\u016bs iesp\u0113jams p\u0101rdot vai apmain\u012bt pret skaidru naudu. Tas nor\u0101da, ka \u017eetona funkcija b\u016bs vair\u0101k k\u0101 digit\u0101ls lojalit\u0101tes vai atl\u012bdz\u012bbas instruments akcion\u0101riem, nodro\u0161inot piek\u013cuvi noteiktiem pakalpojumiem un bonusiem.<\/p>\n<p>Tirgus reakcija un iepriek\u0161\u0113j\u0101 pieredze<\/p>\n<p>Trump Media iniciat\u012bva izrais\u012bjusi interesi tirg\u016b, un, izskanot zi\u0146\u0101m par \u017eetona izlai\u0161anu, DJT akciju v\u0113rt\u012bba ir piedz\u012bvojusi nelielu k\u0101pumu. Tom\u0113r eksperti nor\u0101da, ka \u0161\u0101da veida \u017eetonu \u012bpa\u0161\u0101 daba apgr\u016btina to klasific\u0113\u0161anu k\u0101 tradicion\u0101l\u0101s kriptoval\u016btas vai akt\u012bvus ar iek\u0161\u0113ju v\u0113rt\u012bbu.<\/p>\n<p>J\u0101atz\u012bm\u0113, ka \u0161is nav pirmais gad\u012bjums, kad ar Donaldu Trampu saist\u012btas strukt\u016bras saskaras ar digit\u0101lajiem akt\u012bviem. Iepriek\u0161 Trump Media un t\u0101s komanda akt\u012bvi darboj\u0101s kriptoval\u016btu jom\u0101: uz\u0146\u0113mums, veicot v\u0113rien\u012bgu partner\u012bbas vieno\u0161anos, jau ieg\u0101d\u0101j\u0101s iev\u0113rojamu apjomu Cronos (CRO) \u017eetonu ar Crypto.com starpniec\u012bbu. Savuk\u0101rt 2025. gad\u0101 Truth Social iepaz\u012bstin\u0101ja ar funkciju Truth Predict, kas \u013cauj tirgot progno\u017eu l\u012bgumus, izmantojot CDNA tehnolo\u0123ijas, kas ar\u012b balst\u012btas uz Crypto.com risin\u0101jumiem.<\/p>\n<p>T\u0101pat ir zin\u0101ms, ka ar Trampu saist\u012bts projekts World Liberty Financial, ko saista ar Trampu dzimtu, agr\u0101k ir izlaidis savu WLFI \u017eetonu un str\u0101d\u0101jis ar stabilo mon\u0113tu USD1. Pats Donalds Tramps sav\u0101s finan\u0161u deklar\u0101cij\u0101s ir nor\u0101d\u012bjis ien\u0101kumus no kriptoakt\u012bvu p\u0101rdo\u0161anas, tostarp ar\u012b no World Liberty \u017eetonu tirdzniec\u012bbas, g\u016bstot desmitiem miljonu dol\u0101ru.<\/p>\n<p>Interesanti v\u0113rot \u0161\u012b iek\u0161\u0113j\u0101 \u017eetona &#8220;sav\u0113jiem&#8221; att\u012bst\u012bbu, \u012bpa\u0161i \u0146emot v\u0113r\u0101 iepriek\u0161\u0113jo publisko un pla\u0161i pieejamo Trampa uz\u0146\u0113mumu kripto produktu kritumu.<\/p>\n","protected":false},"excerpt":{"rendered":"Jauns digit\u0101lais \u017eetons akcion\u0101riem Komp\u0101nija, kas saist\u012bta ar biju\u0161o ASV prezidentu Donaldu Trampu, ir pazi\u0146ojusi par pl\u0101niem izlaist&hellip;\n","protected":false},"author":2,"featured_media":111887,"comment_status":"","ping_status":"","sticky":false,"template":"","format":"standard","meta":{"footnotes":""},"categories":[16],"tags":[26248,77,76,26250,542,2263,35,39,38,36,37,34,40,26249],"class_list":{"0":"post-111886","1":"post","2":"type-post","3":"status-publish","4":"format-standard","5":"has-post-thumbnail","7":"category-bizness","8":"tag-akcionari","9":"tag-bizness","10":"tag-business","11":"tag-digitalais-zetons","12":"tag-donalds-tramps","13":"tag-kriptovaluta","14":"tag-latvia","15":"tag-latvian","16":"tag-latviesu","17":"tag-latviesu-valoda","18":"tag-latviesuvaloda","19":"tag-latvija","20":"tag-lv","21":"tag-trump-media"},"share_on_mastodon":{"url":"https:\/\/pubeurope.com\/@lv\/115945164160764269","error":""},"_links":{"self":[{"href":"https:\/\/www.europesays.com\/lv\/wp-json\/wp\/v2\/posts\/111886","targetHints":{"allow":["GET"]}}],"collection":[{"href":"https:\/\/www.europesays.com\/lv\/wp-json\/wp\/v2\/posts"}],"about":[{"href":"https:\/\/www.europesays.com\/lv\/wp-json\/wp\/v2\/types\/post"}],"author":[{"embeddable":true,"href":"https:\/\/www.europesays.com\/lv\/wp-json\/wp\/v2\/users\/2"}],"replies":[{"embeddable":true,"href":"https:\/\/www.europesays.com\/lv\/wp-json\/wp\/v2\/comments?post=111886"}],"version-history":[{"count":0,"href":"https:\/\/www.europesays.com\/lv\/wp-json\/wp\/v2\/posts\/111886\/revisions"}],"wp:featuredmedia":[{"embeddable":true,"href":"https:\/\/www.europesays.com\/lv\/wp-json\/wp\/v2\/media\/111887"}],"wp:attachment":[{"href":"https:\/\/www.europesays.com\/lv\/wp-json\/wp\/v2\/media?parent=111886"}],"wp:term":[{"taxonomy":"category","embeddable":true,"href":"https:\/\/www.europesays.com\/lv\/wp-json\/wp\/v2\/categories?post=111886"},{"taxonomy":"post_tag","embeddable":true,"href":"https:\/\/www.europesays.com\/lv\/wp-json\/wp\/v2\/tags?post=111886"}],"curies":[{"name":"wp","href":"https:\/\/api.w.org\/{rel}","templated":true}]}}