{"id":111892,"date":"2026-01-23T15:53:07","date_gmt":"2026-01-23T15:53:07","guid":{"rendered":"https:\/\/www.europesays.com\/lv\/111892\/"},"modified":"2026-01-23T15:53:07","modified_gmt":"2026-01-23T15:53:07","slug":"latvijas-pasazieru-parvadataju-asociacija-piedraud-ar-protestu-1188-lv","status":"publish","type":"post","link":"https:\/\/www.europesays.com\/lv\/111892\/","title":{"rendered":"Latvijas Pasa\u017eieru p\u0101rvad\u0101t\u0101ju asoci\u0101cija piedraud ar protestu &#8211; 1188.lv"},"content":{"rendered":"<ol>\n<li><a href=\"https:\/\/news.google.com\/rss\/articles\/CBMimgFBVV95cUxNcnBPamhUdnFvbzRCeU1EU0FHcVdKS2tpZGJuTjB6SzJGVExhQUNaUzhzWjZySkJxaEM3M0xOeUJHaVVVZEs2SWVZWXF1Zzc4M0Nyc2M1SUttcm9Ld1BVN1M5SG91dEczaWxoeWl2TVl1SnJ0Wmp0VEVoaDd3aEo5aHR3WTlKNkVxRmZiUjUzZ01vX2Jub3ZlUEdB?oc=5\" target=\"_blank\" rel=\"nofollow noopener\">Latvijas Pasa\u017eieru p\u0101rvad\u0101t\u0101ju asoci\u0101cija piedraud ar protestu<\/a>&nbsp;&nbsp;1188.lv<\/li>\n<li><a href=\"https:\/\/news.google.com\/rss\/articles\/CBMi1gFBVV95cUxPVlVsWnVDYS1jOFlGZVVHU0kwdXdWMDdvNWF2a0EyU2wyVDlYX0lqaktrTWFoOFN5VWlGamlrZ0ctbnZtUzJfcnVrWDF5ZXBzZkhjaWxYc005c01LakVuQXRYM0tDTS16cGVwY094ODBybmxPdUsyWGp0MWsyeGQ0RVVtSGVXdVlCUXFOaHBtd0JiOFpsTlFfS0hGSENCcTNWU1BIdnppTGZqbGZOYXJHZlN4dTRSRHlSSGdzS1gyUzQxQlNQQmppUHh3OGR0WS1SX203djNR?oc=5\" target=\"_blank\" rel=\"nofollow noopener\">\u0160vinka: Autotransporta direkcijai j\u0101maina attieksme pret nozari un iedz\u012bvot\u0101jiem \/ Raksts<\/a>&nbsp;&nbsp;LSM<\/li>\n<li><a href=\"https:\/\/news.google.com\/rss\/articles\/CBMilwJBVV95cUxOb0FuMnhfLUNtRTB3SlN4cURtUE5Jd1oxUGJaMVdLU0o4NDVmUUctbE5Zd2hoSm5faUdMNlF3NklxZzFuZHhWM2hJZENGRllmQS1xbmJ1UFBnd1h1cDZuN1ZIS3FDMkt1bXJtVU5qeW1qdHU0QVpUTDVmYlgwQWx5Tk1MSWpPU1d5aFhVLW16MzgtN04ySDlSRDQycVhCV0RNZWJENWRCbl8yMW8wNGdaVXRxSkNkRk5VZ0toMnZkWDltc09OTVpiMjB2SzduWEh6T1d4UGpzTkdXOFI0aEhIVktBbDNDcDBCbjlkT1FWbC0tOUwtYllXbXlnZGdpYmJBVk9zLWFKTURxNzhwdFNJYWRGTlM3VDg?oc=5\" target=\"_blank\" rel=\"nofollow noopener\">Autotransporta direkcija maks\u0101s kompens\u0101cijas diviem komercp\u0101rvad\u0101t\u0101jiem; no \u00abLux Express\u00bb gaida patiesus datus par p\u0101rvad\u0101jumiem<\/a>&nbsp;&nbsp;LSM<\/li>\n<li><a href=\"https:\/\/news.google.com\/rss\/articles\/CBMitgFBVV95cUxQNW1Sb3RwcVhtbDM1UEdHV1VpTHQya1JNWEtqTDJJY1R4NXVHd3JPa1FCcklmU3pHMFMwTzM4Vk11LVdGZkdPQTJhRzNaTHAxZUlucHhtOW5MQVcwN2cxZ3VScS05TmhvX2lqWjRsUFRLcFh4bHc0bUlTSVRBVFR3ZXJEY0ZtZjYxcjJtLTFJRURHREsxWUsycDAwc0xXUkJSbkx0cTN5Qm1uNHBaUktUbXptWU9BZw?oc=5\" target=\"_blank\" rel=\"nofollow noopener\">Pasa\u017eieru p\u0101rvad\u0101t\u0101ji aicina atsaukt no amata satiksmes ministru \u0160vinku<\/a>&nbsp;&nbsp;Delfi<\/li>\n<li><a href=\"https:\/\/news.google.com\/rss\/articles\/CBMirAFBVV95cUxPOG03b2E5OW1qYkF2LUlfdEhpb3dJMzJubXRtOFl6bTR5T3FELUJEbVh3Q3FqdnU4UmFQWXFGcjU0cWk3c1V4eUhXMThzWkZhc09USXg4ZW5NazhxV29fN0YtN29HU2poV1VST1M3UXcxNjFmbmkzTWZpRDJJSGUwcl9OMkZXX0RvY256SFNmbXkxb2tDMTZuQjRpNnlfWEFqSlYzTmdNMkp3c0E4?oc=5\" target=\"_blank\" rel=\"nofollow noopener\">Satiksmes ministrija s\u0101kusi pastiprin\u0101tu kontroli p\u0101r ATD darb\u012bbu, nor\u0101da \u0160vinka<\/a>&nbsp;&nbsp;TVNET<\/li>\n<\/ol>\n","protected":false},"excerpt":{"rendered":"Latvijas Pasa\u017eieru p\u0101rvad\u0101t\u0101ju asoci\u0101cija piedraud ar protestu&nbsp;&nbsp;1188.lv \u0160vinka: Autotransporta direkcijai j\u0101maina attieksme pret nozari un iedz\u012bvot\u0101jiem \/ Raksts&nbsp;&nbsp;LSM&hellip;\n","protected":false},"author":2,"featured_media":111893,"comment_status":"","ping_status":"","sticky":false,"template":"","format":"standard","meta":{"footnotes":""},"categories":[5],"tags":[129,1304,23,28,29,32,33,22,30,31,35,39,38,36,37,34,40,20,26,27,1305,1306,24,25,21],"class_list":{"0":"post-111892","1":"post","2":"type-post","3":"status-publish","4":"format-standard","5":"has-post-thumbnail","7":"category-aktualitates","8":"tag-__typenameadvicekeyword","9":"tag-id970","10":"tag-aktualitates","11":"tag-breaking-news","12":"tag-breakingnews","13":"tag-featured-news","14":"tag-featurednews","15":"tag-headlines","16":"tag-latest-news","17":"tag-latestnews","18":"tag-latvia","19":"tag-latvian","20":"tag-latviesu","21":"tag-latviesu-valoda","22":"tag-latviesuvaloda","23":"tag-latvija","24":"tag-lv","25":"tag-news","26":"tag-popularakas-zinas","27":"tag-popularakaszinas","28":"tag-slug360-zinas","29":"tag-title360-zinas","30":"tag-top-stories","31":"tag-topstories","32":"tag-zinas"},"share_on_mastodon":{"url":"https:\/\/pubeurope.com\/@lv\/115945223338265362","error":""},"_links":{"self":[{"href":"https:\/\/www.europesays.com\/lv\/wp-json\/wp\/v2\/posts\/111892","targetHints":{"allow":["GET"]}}],"collection":[{"href":"https:\/\/www.europesays.com\/lv\/wp-json\/wp\/v2\/posts"}],"about":[{"href":"https:\/\/www.europesays.com\/lv\/wp-json\/wp\/v2\/types\/post"}],"author":[{"embeddable":true,"href":"https:\/\/www.europesays.com\/lv\/wp-json\/wp\/v2\/users\/2"}],"replies":[{"embeddable":true,"href":"https:\/\/www.europesays.com\/lv\/wp-json\/wp\/v2\/comments?post=111892"}],"version-history":[{"count":0,"href":"https:\/\/www.europesays.com\/lv\/wp-json\/wp\/v2\/posts\/111892\/revisions"}],"wp:featuredmedia":[{"embeddable":true,"href":"https:\/\/www.europesays.com\/lv\/wp-json\/wp\/v2\/media\/111893"}],"wp:attachment":[{"href":"https:\/\/www.europesays.com\/lv\/wp-json\/wp\/v2\/media?parent=111892"}],"wp:term":[{"taxonomy":"category","embeddable":true,"href":"https:\/\/www.europesays.com\/lv\/wp-json\/wp\/v2\/categories?post=111892"},{"taxonomy":"post_tag","embeddable":true,"href":"https:\/\/www.europesays.com\/lv\/wp-json\/wp\/v2\/tags?post=111892"}],"curies":[{"name":"wp","href":"https:\/\/api.w.org\/{rel}","templated":true}]}}