{"id":11190,"date":"2025-10-03T07:25:03","date_gmt":"2025-10-03T07:25:03","guid":{"rendered":"https:\/\/www.europesays.com\/lv\/11190\/"},"modified":"2025-10-03T07:25:03","modified_gmt":"2025-10-03T07:25:03","slug":"labas-izredzes-uzvaret-orbana-un-fico-domubiedram","status":"publish","type":"post","link":"https:\/\/www.europesays.com\/lv\/11190\/","title":{"rendered":"labas izredzes uzvar\u0113t Orb\u0101na un Fico domubiedram"},"content":{"rendered":"<p>Babi\u0161s, kur\u0161 2017.gad\u0101 k\u013cuva par \u010cehijas premjerministru, zaud\u0113ja 2021.gada parlamenta v\u0113l\u0113\u0161an\u0101s. 2023.gada janv\u0101r\u012b vi\u0146\u0161 pretend\u0113ja uz prezidenta amatu, ta\u010du zaud\u0113ja atva\u013cin\u0101tajam armijas \u0123ener\u0101lim Petram Pavelam.<\/p>\n<p>Babi\u0161s priek\u0161v\u0113l\u0113\u0161anu kampa\u0146\u0101 sol\u012bjis nodro\u0161in\u0101t labkl\u0101j\u012bbu un aptur\u0113t milit\u0101ro pal\u012bdz\u012bbu Ukrainai.<\/p>\n<p>Pa\u0161reiz\u0113j\u0101 premjerministra Petra Fialas centriski lab\u0113j\u0101 koal\u012bcijas vald\u012bba ir sniegusi Ukrainai pla\u0161u hum\u0101no un milit\u0101ro pal\u012bdz\u012bbu, ta\u010du daudzi v\u0113l\u0113t\u0101ji p\u0101rmet tai, ka t\u0101 ignor\u0113 iek\u0161\u0113j\u0101s probl\u0113mas.<\/p>\n<p>Babi\u0161s, b\u016bdams premjerministrs no 2017. l\u012bdz 2021.gadam, bija kritiski noska\u0146ots pret da\u017eiem Eiropas Savien\u012bbas (ES) politikas virzieniem, un vi\u0146am ir labas attiec\u012bbas ar Ung\u0101rijas premjerministru Viktoru Orb\u0101nu un Slov\u0101kijas premjerministru Robertu Fico, kuri ir uztur\u0113ju\u0161i sakarus ar Krieviju, neraugoties uz t\u0101s iebrukumu Ukrain\u0101.<\/p>\n<p>V\u0113l\u0113\u0161anu iecirk\u0146i tiks atv\u0113rti piektdien plkst.15 un sl\u0113gti plkst.23 p\u0113c p\u0113c Latvijas laika, bet sestdien tiks atv\u0113rti no plkst.9 l\u012bdz plkst.15 p\u0113c Latvijas laika, un rezult\u0101ti gaid\u0101mi sestdienas vakar\u0101.<\/p>\n<p>Sabiedrisk\u0101s domas aptaujas liecina, ka ANO ir priek\u0161gal\u0101 ar vair\u0101k nek\u0101 30% atbalstu, apsteidzot Fialas koal\u012bciju &#8220;Kop\u0101&#8221; ar aptuveni 20%.<\/p>\n<p>&#8220;M\u016bsu m\u0113r\u0137is ir izveidot vienpartijas vald\u012bbu. M\u0113s jau iepriek\u0161 esam vald\u012bju\u0161i ar pan\u0101kumiem, ar rezult\u0101tiem,&#8221; tre\u0161dien telev\u012bzijas debat\u0113s ar Fialu sac\u012bja 71 gadu vecais Babi\u0161s.<\/p>\n<p>Ja Babi\u0161a partija ie\u0146ems pirmo vietu, bet nesp\u0113s ieg\u016bt vair\u0101kumu, vi\u0146\u0161 var\u0113tu m\u0113\u0123in\u0101t veidot koal\u012bciju ar lab\u0113jo opoz\u012bcijas kust\u012bbu SPD, kuru atbalsta aptuveni 12% v\u0113l\u0113t\u0101ju, nor\u0101da anal\u012bti\u0137i.<\/p>\n<p>Izskan\u0113ju\u0161as ar\u012b zin\u0101mas ba\u017eas par Krievijas propagandas izplat\u012b\u0161anu tie\u0161saist\u0113, lai ietekm\u0113tu v\u0113l\u0113\u0161anas, lai gan anal\u012bti\u0137i apgalvo, ka pagaid\u0101m nevar saskat\u012bt lielas izmai\u0146as v\u0113l\u0113t\u0101ju noska\u0146ojum\u0101.<\/p>\n<p>Anal\u012bti\u0137u grupa pag\u0101ju\u0161aj\u0101 ned\u0113\u013c\u0101 pazi\u0146oja, ka \u010cehijas &#8220;TikTok&#8221; konti, kas sasniedz miljoniem cilv\u0113ku, &#8220;sistem\u0101tiski izplata prokrievisku propagandu un atbalsta pret sist\u0113mu v\u0113rstas partijas, izmantojot manipul\u0101ciju&#8221;.<\/p>\n","protected":false},"excerpt":{"rendered":"Babi\u0161s, kur\u0161 2017.gad\u0101 k\u013cuva par \u010cehijas premjerministru, zaud\u0113ja 2021.gada parlamenta v\u0113l\u0113\u0161an\u0101s. 2023.gada janv\u0101r\u012b vi\u0146\u0161 pretend\u0113ja uz prezidenta amatu,&hellip;\n","protected":false},"author":2,"featured_media":11191,"comment_status":"","ping_status":"","sticky":false,"template":"","format":"standard","meta":{"footnotes":""},"categories":[14],"tags":[23,57,28,29,2561,32,33,22,234,74,30,31,35,39,38,36,37,34,40,20,26,27,24,25,276,54,55,56,21,58],"class_list":{"0":"post-11190","1":"post","2":"type-post","3":"status-publish","4":"format-standard","5":"has-post-thumbnail","7":"category-zinas-no-arvalstim","8":"tag-aktualitates","9":"tag-arvalstim","10":"tag-breaking-news","11":"tag-breakingnews","12":"tag-cehija","13":"tag-featured-news","14":"tag-featurednews","15":"tag-headlines","16":"tag-krievija","17":"tag-krievijas-iebrukums-ukraina","18":"tag-latest-news","19":"tag-latestnews","20":"tag-latvia","21":"tag-latvian","22":"tag-latviesu","23":"tag-latviesu-valoda","24":"tag-latviesuvaloda","25":"tag-latvija","26":"tag-lv","27":"tag-news","28":"tag-popularakas-zinas","29":"tag-popularakaszinas","30":"tag-top-stories","31":"tag-topstories","32":"tag-ukraina","33":"tag-world","34":"tag-world-news","35":"tag-worldnews","36":"tag-zinas","37":"tag-zinas-no-arvalstim"},"share_on_mastodon":{"url":"","error":""},"_links":{"self":[{"href":"https:\/\/www.europesays.com\/lv\/wp-json\/wp\/v2\/posts\/11190","targetHints":{"allow":["GET"]}}],"collection":[{"href":"https:\/\/www.europesays.com\/lv\/wp-json\/wp\/v2\/posts"}],"about":[{"href":"https:\/\/www.europesays.com\/lv\/wp-json\/wp\/v2\/types\/post"}],"author":[{"embeddable":true,"href":"https:\/\/www.europesays.com\/lv\/wp-json\/wp\/v2\/users\/2"}],"replies":[{"embeddable":true,"href":"https:\/\/www.europesays.com\/lv\/wp-json\/wp\/v2\/comments?post=11190"}],"version-history":[{"count":0,"href":"https:\/\/www.europesays.com\/lv\/wp-json\/wp\/v2\/posts\/11190\/revisions"}],"wp:featuredmedia":[{"embeddable":true,"href":"https:\/\/www.europesays.com\/lv\/wp-json\/wp\/v2\/media\/11191"}],"wp:attachment":[{"href":"https:\/\/www.europesays.com\/lv\/wp-json\/wp\/v2\/media?parent=11190"}],"wp:term":[{"taxonomy":"category","embeddable":true,"href":"https:\/\/www.europesays.com\/lv\/wp-json\/wp\/v2\/categories?post=11190"},{"taxonomy":"post_tag","embeddable":true,"href":"https:\/\/www.europesays.com\/lv\/wp-json\/wp\/v2\/tags?post=11190"}],"curies":[{"name":"wp","href":"https:\/\/api.w.org\/{rel}","templated":true}]}}