{"id":111920,"date":"2026-01-23T16:39:08","date_gmt":"2026-01-23T16:39:08","guid":{"rendered":"https:\/\/www.europesays.com\/lv\/111920\/"},"modified":"2026-01-23T16:39:08","modified_gmt":"2026-01-23T16:39:08","slug":"rinkevics-komente-mierinas-ricibu-vienpersoniski-parakstot-atbalsta-vestuli-trampa-virzisanai-nobela-miera-premijai","status":"publish","type":"post","link":"https:\/\/www.europesays.com\/lv\/111920\/","title":{"rendered":"Rink\u0113vi\u010ds koment\u0113 Mieri\u0146as r\u012bc\u012bbu, vienpersoniski parakstot atbalsta v\u0113stuli Trampa virz\u012b\u0161anai Nobela Miera pr\u0113mijai"},"content":{"rendered":"<p>Politi\u0137is st\u0101st\u012bja, ka jaut\u0101jums p\u0101rrun\u0101ts ar Saeimas \u0100rlietu komisijas vad\u012bt\u0101ju In\u0101ru M\u016brnieci (NA), \u0101rlietu ministri Baibu Bra\u017ei, Mieri\u0146u un ar\u012b Ministru prezidenti Eviku Sili\u0146u (JV), kura piektdien piedal\u0101s Eiropadom\u0113, un \u0161aj\u0101 v\u0113rt\u0113jum\u0101 past\u0101v vienpr\u0101t\u012bba. Valsts prezidents atzina, ka r\u012bc\u012bbas model\u012b biju\u0161as probl\u0113mas un k\u013c\u016bdas, k\u0101 ar\u012b nav bijis pie\u0146emams veids, k\u0101 savstarp\u0113j\u0101s koordin\u0101cijas un komunik\u0101cijas process ticis komunic\u0113ts \u0101rpus\u0113.<\/p>\n<p>Politi\u0137i \u0161odien sarun\u0101ju\u0161i n\u0101kotn\u0113 uzlabot savstarp\u0113jos koordin\u0101cijas, sadarb\u012bbas un saska\u0146o\u0161anas meh\u0101nismus. P\u0113c vi\u0146a v\u0101rdiem, Saeimas priek\u0161s\u0113d\u0113t\u0101js, Saeimas komisiju priek\u0161s\u0113d\u0113t\u0101ji, ministri un premjers praks\u0113 bie\u017ei paraksta da\u017e\u0101das kop\u012bgas v\u0113stules un pazi\u0146ojumus, un katrs dokuments netiekot savstarp\u0113ji saska\u0146ots. Amatpersonas r\u012bkojas kolekt\u012bvi atbilsto\u0161i \u0101rpolitikas interes\u0113m un pamatnost\u0101dn\u0113m, bet &#8220;\u0161aub\u012bgos gad\u012bjumos&#8221; viedok\u013ci tiek saska\u0146oti, un, p\u0113c Valsts prezidenta paust\u0101, \u0161\u0101da prakse b\u016bs ar\u012b turpm\u0101k.<\/p>\n<p>Prezidents izteic\u0101s, ka sare\u017e\u0123\u012btaj\u0101 \u0123eopolitiskaj\u0101 un v\u0113l\u0113\u0161anu laik\u0101 valsts \u0101rpolitikas un dro\u0161\u012bbas intereses ir augst\u0101kas par ikdienas politisko retoriku, un nesaska\u0146otas vai \u0161aur\u0101m interes\u0113m pak\u0101rtotas nost\u0101jas netiks toler\u0113tas. Rink\u0113vi\u010ds jaut\u0101jumu par v\u0113stuli tagad uzskata par sl\u0113gtu.<\/p>\n","protected":false},"excerpt":{"rendered":"Politi\u0137is st\u0101st\u012bja, ka jaut\u0101jums p\u0101rrun\u0101ts ar Saeimas \u0100rlietu komisijas vad\u012bt\u0101ju In\u0101ru M\u016brnieci (NA), \u0101rlietu ministri Baibu Bra\u017ei, Mieri\u0146u&hellip;\n","protected":false},"author":2,"featured_media":111921,"comment_status":"","ping_status":"","sticky":false,"template":"","format":"standard","meta":{"footnotes":""},"categories":[5],"tags":[23,28,29,3524,816,32,33,22,30,31,35,39,38,36,37,34,40,20,26,27,24,25,21],"class_list":{"0":"post-111920","1":"post","2":"type-post","3":"status-publish","4":"format-standard","5":"has-post-thumbnail","7":"category-aktualitates","8":"tag-aktualitates","9":"tag-breaking-news","10":"tag-breakingnews","11":"tag-daiga-mierina","12":"tag-edgars-rinkevics","13":"tag-featured-news","14":"tag-featurednews","15":"tag-headlines","16":"tag-latest-news","17":"tag-latestnews","18":"tag-latvia","19":"tag-latvian","20":"tag-latviesu","21":"tag-latviesu-valoda","22":"tag-latviesuvaloda","23":"tag-latvija","24":"tag-lv","25":"tag-news","26":"tag-popularakas-zinas","27":"tag-popularakaszinas","28":"tag-top-stories","29":"tag-topstories","30":"tag-zinas"},"share_on_mastodon":{"url":"https:\/\/pubeurope.com\/@lv\/115945404003976068","error":""},"_links":{"self":[{"href":"https:\/\/www.europesays.com\/lv\/wp-json\/wp\/v2\/posts\/111920","targetHints":{"allow":["GET"]}}],"collection":[{"href":"https:\/\/www.europesays.com\/lv\/wp-json\/wp\/v2\/posts"}],"about":[{"href":"https:\/\/www.europesays.com\/lv\/wp-json\/wp\/v2\/types\/post"}],"author":[{"embeddable":true,"href":"https:\/\/www.europesays.com\/lv\/wp-json\/wp\/v2\/users\/2"}],"replies":[{"embeddable":true,"href":"https:\/\/www.europesays.com\/lv\/wp-json\/wp\/v2\/comments?post=111920"}],"version-history":[{"count":0,"href":"https:\/\/www.europesays.com\/lv\/wp-json\/wp\/v2\/posts\/111920\/revisions"}],"wp:featuredmedia":[{"embeddable":true,"href":"https:\/\/www.europesays.com\/lv\/wp-json\/wp\/v2\/media\/111921"}],"wp:attachment":[{"href":"https:\/\/www.europesays.com\/lv\/wp-json\/wp\/v2\/media?parent=111920"}],"wp:term":[{"taxonomy":"category","embeddable":true,"href":"https:\/\/www.europesays.com\/lv\/wp-json\/wp\/v2\/categories?post=111920"},{"taxonomy":"post_tag","embeddable":true,"href":"https:\/\/www.europesays.com\/lv\/wp-json\/wp\/v2\/tags?post=111920"}],"curies":[{"name":"wp","href":"https:\/\/api.w.org\/{rel}","templated":true}]}}