{"id":111934,"date":"2026-01-23T16:56:14","date_gmt":"2026-01-23T16:56:14","guid":{"rendered":"https:\/\/www.europesays.com\/lv\/111934\/"},"modified":"2026-01-23T16:56:14","modified_gmt":"2026-01-23T16:56:14","slug":"kautins-bernu-slimnica-riga-vacijas-pilsonis-iesit-berna-matei-un-apgalvo-ka-sieviete-uzskrejusi-bananam-vina-roka","status":"publish","type":"post","link":"https:\/\/www.europesays.com\/lv\/111934\/","title":{"rendered":"Kauti\u0146\u0161 b\u0113rnu slimn\u012bc\u0101 R\u012bg\u0101. V\u0101cijas pilsonis iesit b\u0113rna m\u0101tei un apgalvo, ka sieviete uzskr\u0113jusi ban\u0101nam vi\u0146a rok\u0101"},"content":{"rendered":"<p>\u0160\u0137ietami sadz\u012bvisks konflikts b\u0113rnu slimn\u012bcas pal\u0101t\u0101 R\u012bg\u0101 starp b\u0113rna vec\u0101kiem p\u0101rtapis komplic\u0113t\u0101 juridisk\u0101 c\u012b\u0146\u0101, kas sasniegusi apgabaltiesas l\u012bmeni. Kam\u0113r policija un medi\u0137i fiks\u0113ja klasisku vardarb\u012bbas ainu ar cietu\u0161o un sitienu pa seju, aps\u016bdz\u0113tais V\u0101cijas pilsonis tiesai pied\u0101v\u0101ja scen\u0101riju, kur\u0101 galven\u0101 loma atv\u0113l\u0113ta mobilajam telefonam un rok\u0101 eso\u0161am ban\u0101nam, pret kuru cietus\u012b esot &#8220;traum\u0113jusies pati&#8221;.<\/p>\n","protected":false},"excerpt":{"rendered":"\u0160\u0137ietami sadz\u012bvisks konflikts b\u0113rnu slimn\u012bcas pal\u0101t\u0101 R\u012bg\u0101 starp b\u0113rna vec\u0101kiem p\u0101rtapis komplic\u0113t\u0101 juridisk\u0101 c\u012b\u0146\u0101, kas sasniegusi apgabaltiesas l\u012bmeni.&hellip;\n","protected":false},"author":2,"featured_media":111935,"comment_status":"","ping_status":"","sticky":false,"template":"","format":"standard","meta":{"footnotes":""},"categories":[12],"tags":[23,28,29,32,33,22,30,31,35,39,38,36,37,34,40,20,26,27,24,25,900,2736,26180,21],"class_list":{"0":"post-111934","1":"post","2":"type-post","3":"status-publish","4":"format-standard","5":"has-post-thumbnail","7":"category-latvija","8":"tag-aktualitates","9":"tag-breaking-news","10":"tag-breakingnews","11":"tag-featured-news","12":"tag-featurednews","13":"tag-headlines","14":"tag-latest-news","15":"tag-latestnews","16":"tag-latvia","17":"tag-latvian","18":"tag-latviesu","19":"tag-latviesu-valoda","20":"tag-latviesuvaloda","21":"tag-latvija","22":"tag-lv","23":"tag-news","24":"tag-popularakas-zinas","25":"tag-popularakaszinas","26":"tag-top-stories","27":"tag-topstories","28":"tag-tvnet-cilvekstasti","29":"tag-vardarbiba-gimene","30":"tag-zemgales-apgabaltiesa","31":"tag-zinas"},"share_on_mastodon":{"url":"https:\/\/pubeurope.com\/@lv\/115945470855932025","error":""},"_links":{"self":[{"href":"https:\/\/www.europesays.com\/lv\/wp-json\/wp\/v2\/posts\/111934","targetHints":{"allow":["GET"]}}],"collection":[{"href":"https:\/\/www.europesays.com\/lv\/wp-json\/wp\/v2\/posts"}],"about":[{"href":"https:\/\/www.europesays.com\/lv\/wp-json\/wp\/v2\/types\/post"}],"author":[{"embeddable":true,"href":"https:\/\/www.europesays.com\/lv\/wp-json\/wp\/v2\/users\/2"}],"replies":[{"embeddable":true,"href":"https:\/\/www.europesays.com\/lv\/wp-json\/wp\/v2\/comments?post=111934"}],"version-history":[{"count":0,"href":"https:\/\/www.europesays.com\/lv\/wp-json\/wp\/v2\/posts\/111934\/revisions"}],"wp:featuredmedia":[{"embeddable":true,"href":"https:\/\/www.europesays.com\/lv\/wp-json\/wp\/v2\/media\/111935"}],"wp:attachment":[{"href":"https:\/\/www.europesays.com\/lv\/wp-json\/wp\/v2\/media?parent=111934"}],"wp:term":[{"taxonomy":"category","embeddable":true,"href":"https:\/\/www.europesays.com\/lv\/wp-json\/wp\/v2\/categories?post=111934"},{"taxonomy":"post_tag","embeddable":true,"href":"https:\/\/www.europesays.com\/lv\/wp-json\/wp\/v2\/tags?post=111934"}],"curies":[{"name":"wp","href":"https:\/\/api.w.org\/{rel}","templated":true}]}}