{"id":111938,"date":"2026-01-23T17:05:10","date_gmt":"2026-01-23T17:05:10","guid":{"rendered":"https:\/\/www.europesays.com\/lv\/111938\/"},"modified":"2026-01-23T17:05:10","modified_gmt":"2026-01-23T17:05:10","slug":"bijusa-cempiona-vaildera-jubilejas-cina-visdrizak-bus-pret-cisoru-nevis-usiku-bokss-sportacentrs-com","status":"publish","type":"post","link":"https:\/\/www.europesays.com\/lv\/111938\/","title":{"rendered":"Biju\u0161\u0101 \u010dempiona Vaildera jubilejas c\u012b\u0146a visdr\u012bz\u0101k b\u016bs pret \u010cisoru, nevis Usiku \u2013 Bokss \u2013 Sportacentrs.com"},"content":{"rendered":"<p>Iepriek\u0161 tika baumots, ka 40 gadus vecais Vailders var\u0113tu boks\u0113ties pret WBA, WBC un IBF smagsvaru \u010dempionu Oleksandru Usiku, kur\u0161 v\u0113las atr\u0101d\u012bties ASV publikai, tom\u0113r vi\u0146a n\u0101kam\u0101 c\u012b\u0146a visdr\u012bz\u0101k b\u016bs apr\u012bl\u012b pret Zimbabv\u0113 dzimu\u0161o 42 gadus veco britu bokseri \u010cisoru. &#8220;Veicam p\u0101rrunas un esam tuvu tam, lai vienotos,&#8221; atzina Vaildera p\u0101rst\u0101vis.<\/p>\n<p>Vailders pirms 11 gadiem k\u013cuva par WBC pasaules smagsvaru \u010dempionu, ar tiesne\u0161u vienbals\u012bgu l\u0113mumu p\u0101rsp\u0113jot Haiti bokseri Bermeinu St\u012bvernu. Vailders savu titulu sekm\u012bgi aizst\u0101v\u0113ja desmit rei\u017eu, l\u012bdz 2020. gada febru\u0101r\u012b ar tehnisko nokautu sept\u012btaj\u0101 raund\u0101 piek\u0101p\u0101s Taisonam Fj\u016brijam, kuram ar nokautu 11. raund\u0101 zaud\u0113ja ar\u012b 2021. gada oktobr\u012b. Pag\u0101ju\u0161\u0101 gada j\u016bnij\u0101 Vailders ar tehnisko nokautu sept\u012btaj\u0101 raund\u0101 uzveica Tairelu Herndonu un izc\u012bn\u012bja tikai otro uzvaru se\u0161\u0101s c\u012b\u0146\u0101s kop\u0161 pand\u0113mijas.<\/p>\n<p>2022. gada decembr\u012b ar Fj\u016briju ring\u0101 tik\u0101s ar\u012b \u010cisora, kur\u0161 ar tehnisko nokautu zaud\u0113ja desmitaj\u0101 raund\u0101. Nu \u010cisora izc\u012bn\u012bjis tr\u012bs uzvaras p\u0113c k\u0101rtas.<\/p>\n<p>Izmantotie resursi:<br \/><a target=\"_blank\" href=\"https:\/\/www.skysports.com\/boxing\/news\/12183\/13497168\/deontay-wilder-close-to-agreeing-terms-for-a-fight-against-derek-chisora-in-april\" rel=\"nofollow noopener\">https:\/\/www.skysports.com\/boxing\/ne&#8230;<\/a><\/p>\n","protected":false},"excerpt":{"rendered":"Iepriek\u0161 tika baumots, ka 40 gadus vecais Vailders var\u0113tu boks\u0113ties pret WBA, WBC un IBF smagsvaru \u010dempionu Oleksandru&hellip;\n","protected":false},"author":2,"featured_media":111939,"comment_status":"","ping_status":"","sticky":false,"template":"","format":"standard","meta":{"footnotes":""},"categories":[17],"tags":[2153,35,39,38,36,37,34,40,67],"class_list":{"0":"post-111938","1":"post","2":"type-post","3":"status-publish","4":"format-standard","5":"has-post-thumbnail","7":"category-sports","8":"tag-bokss","9":"tag-latvia","10":"tag-latvian","11":"tag-latviesu","12":"tag-latviesu-valoda","13":"tag-latviesuvaloda","14":"tag-latvija","15":"tag-lv","16":"tag-sports"},"share_on_mastodon":{"url":"https:\/\/pubeurope.com\/@lv\/115945506315035862","error":""},"_links":{"self":[{"href":"https:\/\/www.europesays.com\/lv\/wp-json\/wp\/v2\/posts\/111938","targetHints":{"allow":["GET"]}}],"collection":[{"href":"https:\/\/www.europesays.com\/lv\/wp-json\/wp\/v2\/posts"}],"about":[{"href":"https:\/\/www.europesays.com\/lv\/wp-json\/wp\/v2\/types\/post"}],"author":[{"embeddable":true,"href":"https:\/\/www.europesays.com\/lv\/wp-json\/wp\/v2\/users\/2"}],"replies":[{"embeddable":true,"href":"https:\/\/www.europesays.com\/lv\/wp-json\/wp\/v2\/comments?post=111938"}],"version-history":[{"count":0,"href":"https:\/\/www.europesays.com\/lv\/wp-json\/wp\/v2\/posts\/111938\/revisions"}],"wp:featuredmedia":[{"embeddable":true,"href":"https:\/\/www.europesays.com\/lv\/wp-json\/wp\/v2\/media\/111939"}],"wp:attachment":[{"href":"https:\/\/www.europesays.com\/lv\/wp-json\/wp\/v2\/media?parent=111938"}],"wp:term":[{"taxonomy":"category","embeddable":true,"href":"https:\/\/www.europesays.com\/lv\/wp-json\/wp\/v2\/categories?post=111938"},{"taxonomy":"post_tag","embeddable":true,"href":"https:\/\/www.europesays.com\/lv\/wp-json\/wp\/v2\/tags?post=111938"}],"curies":[{"name":"wp","href":"https:\/\/api.w.org\/{rel}","templated":true}]}}