{"id":1120,"date":"2025-09-21T20:47:14","date_gmt":"2025-09-21T20:47:14","guid":{"rendered":"https:\/\/www.europesays.com\/lv\/1120\/"},"modified":"2025-09-21T20:47:14","modified_gmt":"2025-09-21T20:47:14","slug":"eiropas-cempionata-bronza-viens-no-karjeras-lielakajiem-sasniegumiem-lente-lv","status":"publish","type":"post","link":"https:\/\/www.europesays.com\/lv\/1120\/","title":{"rendered":"Eiropas \u010dempion\u0101ta bronza \u2013 viens no karjeras liel\u0101kajiem sasniegumiem\u00a0\u2014\u00a0Lente.lv"},"content":{"rendered":"<p>Grie\u0137ijas basketbola zvaigzne Jannis Adetokunbo izce\u013c Eiropas \u010dempion\u0101ta bronzas meda\u013cu k\u0101 karjeras virsotni<\/p>\n<p>R\u012bga, Latvija \u2013 Grie\u0137ijas basketbola izlases elks, NBA superzvaigzne Jannis Adetokunbo, ir publiski atzinis, ka Eiropas \u010dempion\u0101t\u0101 (EuroBasket 2025) izc\u012bn\u012bt\u0101 bronzas meda\u013ca ir viens no vi\u0146a karjeras spilgt\u0101kajiem un noz\u012bm\u012bg\u0101kajiem sasniegumiem. \u0160is pan\u0101kums, lai ar\u012b iepriek\u0161\u0113jo gadu laik\u0101 Adetokunbo ir baud\u012bjis uzvaras gar\u0161u, k\u013c\u016bstot par NBA \u010dempionu un divk\u0101rt\u0113ju l\u012bgas MVP, Grie\u0137ijas izlases sast\u0101v\u0101 ir ieguvis \u012bpa\u0161u noz\u012bmi.<\/p>\n<p>Ce\u013c\u0161 uz bronzu: emocion\u0101la uzvara p\u0101r Somiju<\/p>\n<p>Adetokunbo vad\u012bt\u0101 Grie\u0137ijas komanda dramatisk\u0101 sp\u0113l\u0113 par tre\u0161o vietu pieveica Somiju ar rezult\u0101tu 92:89. \u0160\u012b uzvara nebija tikai par meda\u013cu, bet gan par Grie\u0137ijas basketbola atgrie\u0161anos uz goda pjedest\u0101la p\u0113c 16 gadu p\u0101rtraukuma. &#8220;Esmu \u013coti priec\u012bgs par savu komandu un n\u0101ciju, jo p\u0113c 16 gadiem mums ir izdevies kaut ko sasniegt,&#8221; p\u0113c sp\u0113les emocion\u0101li atzina Adetokunbo. Vi\u0146\u0161 uzsv\u0113ra, ka jau pirms turn\u012bra komand\u0101 vald\u012bjis sp\u0113c\u012bgs tic\u012bbas gars un kop\u012bgs m\u0113r\u0137is, kas \u013c\u0101va visiem divus m\u0113ne\u0161us c\u012bt\u012bgi str\u0101d\u0101t un atdot visu savu sp\u0113kus.<\/p>\n<p>Bronzas noz\u012bme tautai un n\u0101kamajai paaudzei<\/p>\n<p>Lai gan NBA \u010dempiontituls Milvoki &#8220;Bucks&#8221; sast\u0101v\u0101 ir neap\u0161aub\u0101mi liels sasniegums, Adetokunbo uzsv\u0113ra, ka bronzas meda\u013ca Eiropas \u010dempion\u0101t\u0101 sniedz cit\u0101du, pla\u0161\u0101ku prieku. &#8220;Kad tev ir iesp\u0113ja iepriecin\u0101t 12 miljonus grie\u0137u un iedvesmot n\u0101kamo paaudzi, t\u0101 ir viena no liel\u0101kaj\u0101m liet\u0101m,&#8221; skaidroja Adetokunbo. Vi\u0146\u0161 atz\u012bm\u0113ja, ka \u0161is ir viens no pan\u0101kumiem, ko vi\u0146\u0161 v\u0113l nebija sasniedzis sav\u0101 karjer\u0101, un ir priec\u012bgs, ka beidzot to ir izdevies paveikt.<\/p>\n<p>Kolekt\u012bv\u0101 sp\u0113ka un l\u012bder\u012bbas demonstr\u0113jums<\/p>\n<p>Grie\u0137ijas izlases sniegums turn\u012br\u0101 demonstr\u0113ja ne tikai Adetokunbo individu\u0101lo talantu, bet ar\u012b komandas sp\u0113ku un sp\u0113ju p\u0101rvar\u0113t gr\u016bt\u012bbas. Lai gan pretinieku aizsardz\u012bba bie\u017ei koncentr\u0113j\u0101s uz Adetokunbo, treneris Vasilis Spanulis atzina, ka vi\u0146\u0161 ir &#8220;tikai cilv\u0113ks, lai ar\u012b vi\u0146\u0161 \u0161aj\u0101 turn\u012br\u0101 ir dar\u012bjis lietas, kas ne\u0161\u0137iet cilv\u0113ciskas.&#8221; Grie\u0137ijas izlase, kas pamat\u012bg\u0101 zaud\u0113jum\u0101 pret Turciju pusfin\u0101l\u0101 pieredz\u0113ja k\u0101rt\u0113jo p\u0101rbaud\u012bjumu, prata atg\u016bties un nodemonstr\u0113t raksturu, izc\u012bnot bronzu. Adetokunbo \u012bpa\u0161i izc\u0113la veter\u0101na Vasilisa Spanu\u013ca lomu komand\u0101, nor\u0101dot, ka vi\u0146\u0161 pal\u012bdz\u0113jis gan vi\u0146am pa\u0161am, gan visai komandai par\u0101d\u012bt lab\u0101ko sniegumu, un uzsv\u0113ra vi\u0146a uzvar\u0113t\u0101ja mentalit\u0101ti.<\/p>\n<p>Adetokunbo karjeras spo\u017e\u0101kie br\u012b\u017ei<\/p>\n<p>Jannis Adetokunbo, kur\u0161 dzimis Grie\u0137ij\u0101 Nig\u0113rijas imigrantu \u0123imen\u0113, ir veicis neticamu ce\u013cu no ielu p\u0101rdev\u0113ja l\u012bdz vienai no pasaules atz\u012bt\u0101kaj\u0101m basketbola zvaigzn\u0113m. Vi\u0146a NBA karjera ir bijusi pilna ar sasniegumiem: NBA \u010dempions (2021), NBA fin\u0101ls\u0113rijas MVP (2021), divk\u0101rt\u0113js NBA v\u0113rt\u012bg\u0101kais sp\u0113l\u0113t\u0101js (2019, 2020), septi\u0146k\u0101rt\u0113js NBA Visu Zvaig\u017e\u0146u sp\u0113les dal\u012bbnieks, k\u0101 ar\u012b NBA lab\u0101kais aizsardz\u012bbas sp\u0113l\u0113t\u0101js (2020). Neraugoties uz \u0161iem individu\u0101lajiem un komandas pan\u0101kumiem pasaules presti\u017e\u0101kaj\u0101 l\u012bg\u0101, bronzas meda\u013ca Eiropas \u010dempion\u0101t\u0101 Grie\u0137ijas izlases rind\u0101s vi\u0146am ir \u012bpa\u0161i v\u0113rt\u012bga, apliecinot dzi\u013c\u0101ku saikni ar savu dzimteni un t\u0101s tautu.<\/p>\n","protected":false},"excerpt":{"rendered":"Grie\u0137ijas basketbola zvaigzne Jannis Adetokunbo izce\u013c Eiropas \u010dempion\u0101ta bronzas meda\u013cu k\u0101 karjeras virsotni R\u012bga, Latvija \u2013 Grie\u0137ijas basketbola&hellip;\n","protected":false},"author":2,"featured_media":1121,"comment_status":"","ping_status":"","sticky":false,"template":"","format":"standard","meta":{"footnotes":""},"categories":[17],"tags":[746,227,744,745,743,35,39,38,36,37,34,40,67],"class_list":{"0":"post-1120","1":"post","2":"type-post","3":"status-publish","4":"format-standard","5":"has-post-thumbnail","7":"category-sports","8":"tag-bronas-medala","9":"tag-eiropas-cempionats-basketbola","10":"tag-eurobasket-2025","11":"tag-griekijas-basketbola-izlase","12":"tag-jannis-adetokunbo","13":"tag-latvia","14":"tag-latvian","15":"tag-latviesu","16":"tag-latviesu-valoda","17":"tag-latviesuvaloda","18":"tag-latvija","19":"tag-lv","20":"tag-sports"},"share_on_mastodon":{"url":"","error":""},"_links":{"self":[{"href":"https:\/\/www.europesays.com\/lv\/wp-json\/wp\/v2\/posts\/1120","targetHints":{"allow":["GET"]}}],"collection":[{"href":"https:\/\/www.europesays.com\/lv\/wp-json\/wp\/v2\/posts"}],"about":[{"href":"https:\/\/www.europesays.com\/lv\/wp-json\/wp\/v2\/types\/post"}],"author":[{"embeddable":true,"href":"https:\/\/www.europesays.com\/lv\/wp-json\/wp\/v2\/users\/2"}],"replies":[{"embeddable":true,"href":"https:\/\/www.europesays.com\/lv\/wp-json\/wp\/v2\/comments?post=1120"}],"version-history":[{"count":0,"href":"https:\/\/www.europesays.com\/lv\/wp-json\/wp\/v2\/posts\/1120\/revisions"}],"wp:featuredmedia":[{"embeddable":true,"href":"https:\/\/www.europesays.com\/lv\/wp-json\/wp\/v2\/media\/1121"}],"wp:attachment":[{"href":"https:\/\/www.europesays.com\/lv\/wp-json\/wp\/v2\/media?parent=1120"}],"wp:term":[{"taxonomy":"category","embeddable":true,"href":"https:\/\/www.europesays.com\/lv\/wp-json\/wp\/v2\/categories?post=1120"},{"taxonomy":"post_tag","embeddable":true,"href":"https:\/\/www.europesays.com\/lv\/wp-json\/wp\/v2\/tags?post=1120"}],"curies":[{"name":"wp","href":"https:\/\/api.w.org\/{rel}","templated":true}]}}